{"id":200,"date":"2011-04-19T16:07:28","date_gmt":"2011-04-19T18:07:28","guid":{"rendered":"http:\/\/www.encontrasantoandre.com.br\/noticias\/?p=200"},"modified":"2019-04-15T10:47:25","modified_gmt":"2019-04-15T12:47:25","slug":"santo-andre-ainda-ha-vagas-para-o-primeiro-encontro-regional-de-astronomia-do-abc","status":"publish","type":"post","link":"https:\/\/www.encontrasantoandre.com.br\/sobre\/santo-andre-ainda-ha-vagas-para-o-primeiro-encontro-regional-de-astronomia-do-abc\/","title":{"rendered":"Santo Andr\u00e9: ainda h\u00e1 vagas para o primeiro Encontro Regional de Astronomia do ABC"},"content":{"rendered":"<div class=\"4fdc6fbb32335ae240758d21e215a0e4\" data-index=\"1\" style=\"float: none; margin:0px;\">\n<!-- Anuncio display - global -->\r\n<ins class=\"adsbygoogle\"\r\n     style=\"display:block\"\r\n     data-ad-client=\"ca-pub-8585364105181520\"\r\n     data-ad-slot=\"8789329856\"\r\n     data-ad-format=\"auto\"\r\n     data-full-width-responsive=\"true\"><\/ins>\r\n<script>\r\n     (adsbygoogle = window.adsbygoogle || []).push({});\r\n<\/script>\n<\/div>\n<p>A Sabina Escola Parque do Conhecimento, na cidade Santo Andr\u00e9, vai abrigar, de 25 a 27 de abril, a 15\u00aa edi\u00e7\u00e3o\u00a0 do Ereas (Encontros Regionais de Ensino de Astronomia). Promovido com apoio da Prefeitura, o evento \u00e9 o primeiro encontro desse tipo realizado na regi\u00e3o.\u00a0 As inscri\u00e7\u00f5es est\u00e3o abertas at\u00e9 quarta-feira, dia 20 de abril na pr\u00f3pria Sabina.<\/p>\n<p>Os Ereas nasceram no Ano Internacional de Astronomia (AIA),\u00a0 celebrado\u00a0 em\u00a0 2009 ,\u00a0 como um subprograma das comemora\u00e7\u00f5es. T\u00eam\u00a0 como objetivo discutir, compartilhar, incentivar e divulgar a import\u00e2ncia da educa\u00e7\u00e3o em astronomia em \u00e2mbito regional.<\/p>\n<p>O p\u00fablico alvo do encontro s\u00e3o os professores, visando a forma\u00e7\u00e3o continuada, mas as inscri\u00e7\u00f5es tamb\u00e9m poder\u00e3o ser feitas por alunos de gradua\u00e7\u00e3o bem como interessados em geral.<br \/>\nNa ocasi\u00e3o, pesquisadores da \u00e1rea estar\u00e3o presentes nas atividades para promover sua intera\u00e7\u00e3o com professores e alunos da educa\u00e7\u00e3o b\u00e1sica e comunidades externas, com o intuito de incentivar e motivar o interesse pelo desenvolvimento cultural, tecnol\u00f3gico e cient\u00edfico no campo da astronomia e de seu ensino e populariza\u00e7\u00e3o.<\/p>\n<p>Todo material para as oficinas ser\u00e1 oferecido gratuitamente. Cada escola que tiver seus professores inscritos receber\u00e1 um exemplar do livro \u201cFasc\u00ednio do Universo\u201d e uma luneta (galileosc\u00f3pio).<\/p>\n<p>Palestrantes de outros estados, workshops de montagem de luneta e observa\u00e7\u00f5es noturnas est\u00e3o previstas na programa\u00e7\u00e3o. Saiba mais acessando o site\u00a0momentoastronomico.com.br\/erea\/programacao<\/p>\n<p><strong>Servi\u00e7o:<\/strong><br \/>\nInscri\u00e7\u00f5es abertas para o 15\u00ba Encontro Regional de Ensino de Astronomia<br \/>\nData: At\u00e9 dia 20 de abril<br \/>\nLocal: Sabina Escola Parque do Conhecimento (Travessa Juqui\u00e1, altura do n\u00ba 135, bairro Para\u00edso)<br \/>\nInforma\u00e7\u00f5es e inscri\u00e7\u00f5es:\u00a0 4422-2017\/44222029<br \/>\nGratuito<\/p>\n<p><em>Fonte: Prefeitura de Santo Andr\u00e9<\/em><\/p>\n\n<div style=\"font-size: 0px; height: 0px; line-height: 0px; margin: 0; padding: 0; clear: both;\"><\/div>","protected":false},"excerpt":{"rendered":"<p>A Sabina Escola Parque do Conhecimento, na cidade Santo Andr\u00e9, vai abrigar, de 25 a 27 de abril, a 15\u00aa edi\u00e7\u00e3o\u00a0 do Ereas (Encontros Regionais de Ensino de Astronomia). Promovido com apoio da Prefeitura, o evento \u00e9 o primeiro encontro desse tipo realizado na regi\u00e3o.\u00a0 As inscri\u00e7\u00f5es est\u00e3o abertas at\u00e9 quarta-feira, dia 20 de abril na pr\u00f3pria Sabina. Os Ereas nasceram no Ano Internacional de Astronomia (AIA),\u00a0 celebrado\u00a0 em\u00a0 2009 ,\u00a0 como um subprograma das comemora\u00e7\u00f5es. T\u00eam\u00a0 como objetivo discutir, compartilhar, incentivar e divulgar a import\u00e2ncia da educa\u00e7\u00e3o em astronomia em \u00e2mbito regional. O p\u00fablico alvo do encontro s\u00e3o os <\/p>\n","protected":false},"author":1,"featured_media":0,"comment_status":"open","ping_status":"closed","sticky":false,"template":"","format":"standard","meta":{"footnotes":""},"categories":[6],"tags":[14],"class_list":["post-200","post","type-post","status-publish","format-standard","hentry","category-noticias-em-santo-andre","tag-santo-andre"],"aioseo_notices":[],"_links":{"self":[{"href":"https:\/\/www.encontrasantoandre.com.br\/sobre\/wp-json\/wp\/v2\/posts\/200","targetHints":{"allow":["GET"]}}],"collection":[{"href":"https:\/\/www.encontrasantoandre.com.br\/sobre\/wp-json\/wp\/v2\/posts"}],"about":[{"href":"https:\/\/www.encontrasantoandre.com.br\/sobre\/wp-json\/wp\/v2\/types\/post"}],"author":[{"embeddable":true,"href":"https:\/\/www.encontrasantoandre.com.br\/sobre\/wp-json\/wp\/v2\/users\/1"}],"replies":[{"embeddable":true,"href":"https:\/\/www.encontrasantoandre.com.br\/sobre\/wp-json\/wp\/v2\/comments?post=200"}],"version-history":[{"count":0,"href":"https:\/\/www.encontrasantoandre.com.br\/sobre\/wp-json\/wp\/v2\/posts\/200\/revisions"}],"wp:attachment":[{"href":"https:\/\/www.encontrasantoandre.com.br\/sobre\/wp-json\/wp\/v2\/media?parent=200"}],"wp:term":[{"taxonomy":"category","embeddable":true,"href":"https:\/\/www.encontrasantoandre.com.br\/sobre\/wp-json\/wp\/v2\/categories?post=200"},{"taxonomy":"post_tag","embeddable":true,"href":"https:\/\/www.encontrasantoandre.com.br\/sobre\/wp-json\/wp\/v2\/tags?post=200"}],"curies":[{"name":"wp","href":"https:\/\/api.w.org\/{rel}","templated":true}]}}