{"id":2852,"date":"2020-01-27T07:01:20","date_gmt":"2020-01-27T09:01:20","guid":{"rendered":"https:\/\/www.encontrasantoandre.com.br\/sobre\/?p=2852"},"modified":"2021-06-25T08:10:25","modified_gmt":"2021-06-25T10:10:25","slug":"casa-da-palavra-santo-andre","status":"publish","type":"post","link":"https:\/\/www.encontrasantoandre.com.br\/sobre\/casa-da-palavra-santo-andre\/","title":{"rendered":"Casa da Palavra Santo Andr\u00e9"},"content":{"rendered":"<div class=\"4fdc6fbb32335ae240758d21e215a0e4\" data-index=\"1\" style=\"float: none; margin:0px;\">\n<!-- Anuncio display - global -->\r\n<ins class=\"adsbygoogle\"\r\n     style=\"display:block\"\r\n     data-ad-client=\"ca-pub-8585364105181520\"\r\n     data-ad-slot=\"8789329856\"\r\n     data-ad-format=\"auto\"\r\n     data-full-width-responsive=\"true\"><\/ins>\r\n<script>\r\n     (adsbygoogle = window.adsbygoogle || []).push({});\r\n<\/script>\n<\/div>\n<p>A<strong> Casa da Palavra Santo Andr\u00e9<\/strong> \u00e9 um espa\u00e7o da Prefeitura Municipal de Santo Andr\u00e9 dedicado a uma programa\u00e7\u00e3o de cunho cultural. Foi criada em 1992, quando foi reformado um casar\u00e3o original da d\u00e9cada de 1920, e passou a ser usado como equipamento da Secretaria de Cultura.<\/p>\n<p>O seu trabalho de difus\u00e3o e de forma\u00e7\u00e3o cultural \u00e9 voltado ao atendimento dos apreciadores e produtores da literatura, pesquisadores, pensadores, estudantes, artistas, poetas, etc.<\/p>\n<p><img loading=\"lazy\" decoding=\"async\" class=\"alignnone wp-image-2853 size-full\" title=\"Casa da Palavra Santo Andr\u00e9\" src=\"https:\/\/www.encontrasantoandre.com.br\/sobre\/wp-content\/uploads\/2020\/01\/casa-da-palavra-santo-andre.gif\" alt=\"Casa da Palavra Santo Andr\u00e9\" width=\"680\" height=\"189\" \/><\/p>\n<p>A proposta atual \u00e9 torn\u00e1-la cada vez mais um polo cultural da regi\u00e3o, oferecendo um espa\u00e7o onde a palavra pode ser articulada, onde as ideias podem fervilhar, e os escritores, artistas e pensadores possam se encontrar.<\/p>\n<p>O espa\u00e7o est\u00e1 voltado ao conhecimento, ao pensamento que se produz pela linguagem, a palavra escrita ou falada. Por isso, as atividades s\u00e3o direcionadas ao uso art\u00edstico ou cient\u00edfico que pode fazer da palavra. Nela s\u00e3o realizados debates, encontros, cursos, palestras, oficinas e saraus. Sua programa\u00e7\u00e3o est\u00e1 voltada ao conhecimento human\u00edstico, \u00e0 poesia, \u00e0 literatura, \u00e0 filosofia, etc.<\/p>\n<p>Na Casa existe um p\u00fablico das mais diversas idades, orienta\u00e7\u00f5es e perfis. Tem poetas, contistas, fil\u00f3sofos, artistas, estudantes, m\u00fasicos, jovens, escritores, leitores, adultos, idosos, etc.<br \/>\nEm geral, s\u00e3o pessoas de boa bagagem cultural, inclinados \u00e0 reflex\u00e3o, pessoas que querem ampliar seus conhecimentos, que acreditam que a cultura pode fazer diferen\u00e7a em nossa sociedade.<\/p>\n<h2>Bibliotecas Hoje<\/h2>\n<p><em>Hoje<\/em>\u00a0em dia, as bibliotecas n\u00e3o s\u00e3o somente guardi\u00e3s de livros, por\u00e9m, da mesma forma, de dicion\u00e1rios, enciclop\u00e9dias, monografias, manuais, documentos tridimensionais, almanaques, atlas, jornais, revistas, mapas, cartazes, manuscritos, filmes, discos, CDs, fitas, VHS, DVDs, BDs, ou bancos de dados (arquivos em PDF ou DOC), fotografias, telas e microfilmes. Revistas e jornais s\u00e3o classificados como material peri\u00f3dico, tamb\u00e9m s\u00e3o organizados e armazenados em uma se\u00e7\u00e3o da biblioteca denominada hemeroteca \u2013 espa\u00e7o pr\u00f3prio para este tipo de material informativo.<br \/>\nPor\u00e9m, o velho conceito de \u201cdep\u00f3sito de livros\u201d foi redefinido para \u201cambiente f\u00edsico ou virtual destinado \u00e0 cole\u00e7\u00e3o de informa\u00e7\u00f5es com a finalidade de auxiliar pesquisas e trabalhos escolares ou para praticar o h\u00e1bito de leitura, material este seja impressos em folhas de papel ou ainda digitalizadas e armazenadas em outros tipos de materiais, tais como CD, fitas, VHS, DVD ou bancos de dados (arquivos em PDF ou DOC).<\/p>\n<h3>Vagas Casa da Palavra Santo Andr\u00e9 \u2013 Trabalhe Conosco<\/h3>\n<p>Atitude, responsabilidade, resili\u00eancia, criatividade, comprometimento para resultado, e saber trabalhar em equipe s\u00e3o algumas compet\u00eancias necess\u00e1rias para fazer parte do time. Se voc\u00ea tem esse perfil e est\u00e1 em busca de oportunidades em uma empresa l\u00edder de mercado <em>envie agora mesmo seu curr\u00edculo<\/em> para a Casa da Palavra Santo Andr\u00e9.<\/p>\n<h3>Hor\u00e1rio de Funcionamento Casa da Palavra em Santo Andr\u00e9<\/h3>\n<ul>\n<li>Segunda a Sexta das 08h \u00e0s 22h<\/li>\n<\/ul>\n<h3>Onde fica, Endere\u00e7o e Telefone Casa da Palavra em Santo Andr\u00e9<\/h3>\n<ul>\n<li>Pra\u00e7a do Carmo, 171 &#8211; Centro &#8211; Santo Andr\u00e9 &#8211; SP<\/li>\n<li>Telefone: (11) 4427-7701<\/li>\n<\/ul>\n<h4>Mapa de localiza\u00e7\u00e3o<\/h4>\n<a class=\"wp-colorbox-iframe\" href=\"https:\/\/www.google.com\/maps\/embed?pb=!1m14!1m8!1m3!1d14618.053962549393!2d-46.5259672!3d-23.6575881!3m2!1i1024!2i768!4f13.1!3m3!1m2!1s0x00xfa1e02b41d92be65!2sCasadaPalavra!5e0!3m2!1spt-BR!2sbr!4v1580115548477!5m2!1spt-BR!2sbr\"><img decoding=\"async\" src=\"http:\/\/www.encontrasantoandre.com.br\/imgs\/maps-post.png\"><\/a>\n\n<div style=\"font-size: 0px; height: 0px; line-height: 0px; margin: 0; padding: 0; clear: both;\"><\/div>","protected":false},"excerpt":{"rendered":"<p>A Casa da Palavra Santo Andr\u00e9 \u00e9 um espa\u00e7o da Prefeitura Municipal de Santo Andr\u00e9 dedicado a uma programa\u00e7\u00e3o de cunho cultural. Foi criada em 1992, quando foi reformado um casar\u00e3o original da d\u00e9cada de 1920, e passou a ser usado como equipamento da Secretaria de Cultura. O seu trabalho de difus\u00e3o e de forma\u00e7\u00e3o cultural \u00e9 voltado ao atendimento dos apreciadores e produtores da literatura, pesquisadores, pensadores, estudantes, artistas, poetas, etc. A proposta atual \u00e9 torn\u00e1-la cada vez mais um polo cultural da regi\u00e3o, oferecendo um espa\u00e7o onde a palavra pode ser articulada, onde as ideias podem fervilhar, e <\/p>\n","protected":false},"author":1,"featured_media":2853,"comment_status":"open","ping_status":"closed","sticky":false,"template":"","format":"standard","meta":{"footnotes":""},"categories":[47],"tags":[],"class_list":["post-2852","post","type-post","status-publish","format-standard","has-post-thumbnail","hentry","category-bibliotecas-santo-andre","has_thumb"],"aioseo_notices":[],"_links":{"self":[{"href":"https:\/\/www.encontrasantoandre.com.br\/sobre\/wp-json\/wp\/v2\/posts\/2852","targetHints":{"allow":["GET"]}}],"collection":[{"href":"https:\/\/www.encontrasantoandre.com.br\/sobre\/wp-json\/wp\/v2\/posts"}],"about":[{"href":"https:\/\/www.encontrasantoandre.com.br\/sobre\/wp-json\/wp\/v2\/types\/post"}],"author":[{"embeddable":true,"href":"https:\/\/www.encontrasantoandre.com.br\/sobre\/wp-json\/wp\/v2\/users\/1"}],"replies":[{"embeddable":true,"href":"https:\/\/www.encontrasantoandre.com.br\/sobre\/wp-json\/wp\/v2\/comments?post=2852"}],"version-history":[{"count":0,"href":"https:\/\/www.encontrasantoandre.com.br\/sobre\/wp-json\/wp\/v2\/posts\/2852\/revisions"}],"wp:featuredmedia":[{"embeddable":true,"href":"https:\/\/www.encontrasantoandre.com.br\/sobre\/wp-json\/wp\/v2\/media\/2853"}],"wp:attachment":[{"href":"https:\/\/www.encontrasantoandre.com.br\/sobre\/wp-json\/wp\/v2\/media?parent=2852"}],"wp:term":[{"taxonomy":"category","embeddable":true,"href":"https:\/\/www.encontrasantoandre.com.br\/sobre\/wp-json\/wp\/v2\/categories?post=2852"},{"taxonomy":"post_tag","embeddable":true,"href":"https:\/\/www.encontrasantoandre.com.br\/sobre\/wp-json\/wp\/v2\/tags?post=2852"}],"curies":[{"name":"wp","href":"https:\/\/api.w.org\/{rel}","templated":true}]}}