{"id":3744,"date":"2026-04-21T13:31:39","date_gmt":"2026-04-21T15:31:39","guid":{"rendered":"https:\/\/www.encontrasantoandre.com.br\/sobre\/aniversario-de-santo-andre-sp-onibus-operam-com-frota-reduzida-nesta-quarta\/"},"modified":"2026-04-21T13:31:39","modified_gmt":"2026-04-21T15:31:39","slug":"aniversario-de-santo-andre-sp-onibus-operam-com-frota-reduzida-nesta-quarta","status":"publish","type":"post","link":"https:\/\/www.encontrasantoandre.com.br\/sobre\/aniversario-de-santo-andre-sp-onibus-operam-com-frota-reduzida-nesta-quarta\/","title":{"rendered":"Anivers\u00e1rio de Santo Andr\u00e9 (SP): \u00f4nibus operam com frota reduzida nesta quarta"},"content":{"rendered":"<div class=\"4fdc6fbb32335ae240758d21e215a0e4\" data-index=\"1\" style=\"float: none; margin:0px;\">\n<!-- Anuncio display - global -->\r\n<ins class=\"adsbygoogle\"\r\n     style=\"display:block\"\r\n     data-ad-client=\"ca-pub-8585364105181520\"\r\n     data-ad-slot=\"8789329856\"\r\n     data-ad-format=\"auto\"\r\n     data-full-width-responsive=\"true\"><\/ins>\r\n<script>\r\n     (adsbygoogle = window.adsbygoogle || []).push({});\r\n<\/script>\n<\/div>\n<h2>Altera\u00e7\u00f5es nos Servi\u00e7os de Transporte P\u00fablico em Santo Andr\u00e9<\/h2>\n<p>No dia 8 de abril de 2026, a cidade de Santo Andr\u00e9 celebra 473 anos desde sua funda\u00e7\u00e3o. Em raz\u00e3o das festividades, a opera\u00e7\u00e3o dos \u00f4nibus municipais ser\u00e1 ajustada de modo a se adequar \u00e0 demanda do feriado. Os \u00f4nibus da cidade operar\u00e3o em um esquema reduzido, semelhante ao que ocorre em s\u00e1bados, enquanto algumas empresas apresentar\u00e3o um servi\u00e7o um pouco acima desse padr\u00e3o, mas ainda inferior ao que \u00e9 oferecido durante dias \u00fateis normais.<\/p>\n<p>Especificamente, as via\u00e7\u00f5es que fazem parte do Cons\u00f3rcio Uni\u00e3o Santo Andr\u00e9 seguir\u00e3o um cronograma similar ao dos s\u00e1bados. Para a empresa Suzantur, o esquema funcionar\u00e1 com uma frota ligeiramente maior que o oferecido aos s\u00e1bados, mas menor que os dias de semana convencionais. Essa adequa\u00e7\u00e3o \u00e9 resultado do fato de que muitas pessoas residem em Santo Andr\u00e9, mas trabalham ou estudam em cidades vizinhas, principalmente na capital.<\/p>\n<h2>Impacto da Redu\u00e7\u00e3o da Frota no Transporte P\u00fablico<\/h2>\n<p>A diminui\u00e7\u00e3o da frota de \u00f4nibus durante feriados pode causar algumas dificuldades para os moradores. Muitas pessoas dependem do transporte coletivo para acessar os servi\u00e7os essenciais e outras \u00e1reas. A adapta\u00e7\u00e3o \u00e0 redu\u00e7\u00e3o da frota esbarra em desafios log\u00edsticos, pois os moradores precisam se programar para evitar longas esperas ou atrasos, especialmente aqueles que utilizam os \u00f4nibus para se conectar com linhas de trem ou transporte intermunicipal, como a linha 10-Turquesa e o Corredor ABD.<\/p>\n<p><img decoding=\"async\" src=\"https:\/\/www.encontrasantoandre.com.br\/sobre\/wp-content\/uploads\/2026\/04\/aniversario-de-santo-andre-sp-onibus-operam-com-frota-reduzida-nesta-quarta.webp\" alt=\"Anivers\u00e1rio de Santo Andr\u00e9\" loading=\"lazy\" \/><\/p>\n<h2>Altera\u00e7\u00f5es no Atendimento de Sa\u00fade na Cidade<\/h2>\n<p>Al\u00e9m do transporte, os servi\u00e7os de sa\u00fade p\u00fablica de Santo Andr\u00e9 tamb\u00e9m sofrer\u00e3o altera\u00e7\u00f5es em fun\u00e7\u00e3o do feriado. As Unidades B\u00e1sicas de Sa\u00fade, conhecidas como UBS, assim como o Poupatempo da Sa\u00fade e as Policl\u00ednicas, n\u00e3o estar\u00e3o em funcionamento no dia 8 de abril, reabrindo suas portas apenas no dia seguinte. Por outro lado, as Unidades de Pronto Atendimento (UPAs) e os hospitais da regi\u00e3o manter\u00e3o atendimento normal e continuam funcionando em regime de plant\u00e3o 24 horas, garantindo \u00e0 popula\u00e7\u00e3o acesso a servi\u00e7os m\u00e9dicos essenciais neste per\u00edodo.<\/p>\n<h2>Como Acompanhar os Hor\u00e1rios dos \u00d4nibus em Tempo Real<\/h2>\n<p>Para facilitar a vida dos cidad\u00e3os, a prefeitura disponibiliza o aplicativo CittaMobi, que pode ser baixado gratuitamente. Esses servi\u00e7os permitem que os usu\u00e1rios acompanhem os hor\u00e1rios de chegada dos \u00f4nibus em tempo real e planejem melhor suas desloca\u00e7\u00f5es durante o feriado. Isso \u00e9 especialmente \u00fatil em um dia em que a frota de \u00f4nibus est\u00e1 reduzida e as expectativas de espera podem ser maiores.<\/p>\n<h2>Servi\u00e7os que Funcionam Normalmente no Anivers\u00e1rio<\/h2>\n<p>Embora alguns servi\u00e7os estejam suspensos, outros funcionar\u00e3o normalmente durante o feriado. Os hospitais estar\u00e3o abertos e oferecer\u00e3o atendimento m\u00e9dico cont\u00ednuo. Al\u00e9m disso, parques da cidade permanecer\u00e3o abertos, proporcionando \u00e0s fam\u00edlias locais e visitantes a oportunidade de desfrutar de atividades ao ar livre e lazer.<\/p>\n<h2>Parques de Santo Andr\u00e9: Hor\u00e1rios de Funcionamento<\/h2>\n<p>Os parques de Santo Andr\u00e9 s\u00e3o importantes locais de lazer e recrea\u00e7\u00e3o para os moradores, especialmente em feriados. No dia 8 de abril, todos os parques funcionar\u00e3o conforme os hor\u00e1rios normais:<\/p>\n<ul>\n<li><strong>Parque Antonio Fl\u00e1quer:<\/strong> Rua Coronel Seabra, 210, Vila Alzira \u2013 Das 6h \u00e0s 22h.<\/li>\n<li><strong>Parque Antonio Pezzolo:<\/strong> Avenida Utinga, 136, Vila Metal\u00fargica \u2013 Das 6h \u00e0s 22h.<\/li>\n<li><strong>Parque Prefeito Celso Daniel:<\/strong> Avenida Dom Pedro II, 940 \u2013 Das 6h \u00e0s 22h.<\/li>\n<li><strong>Parque Central:<\/strong> Rua Jos\u00e9 Bonif\u00e1cio, s\/n \u2013 Das 6h \u00e0s 20h.<\/li>\n<li><strong>Parque Cidade dos Meninos:<\/strong> Rua Bat\u00e1via, s\/n \u2013 Das 6h \u00e0s 18h.<\/li>\n<li><strong>Parque da Juventude Ana Brand\u00e3o:<\/strong> Avenida Capit\u00e3o Mario de Toledo, s\/n \u2013 Das 6h \u00e0s 18h.<\/li>\n<li><strong>Parque Escola:<\/strong> Rua Anacleto Popote, 46 \u2013 Valpara\u00edso, das 6h \u00e0s 22h.<\/li>\n<li><strong>Parque Regional da Crian\u00e7a Palha\u00e7o Estremilique:<\/strong> Avenida Itamarati, 536 \u2013 Das 6h \u00e0s 20h.<\/li>\n<li><strong>Parque Natural Nascentes de Paranapiacaba:<\/strong> Rua Direita, 371 (Centro de Visitantes) \u2013 Das 9h \u00e0s 16h de ter\u00e7a a sexta, e das 8h30 \u00e0s 16h30 aos s\u00e1bados, domingos e feriados.<\/li>\n<\/ul>\n<h2>A Import\u00e2ncia do Transporte P\u00fablico em Dias de Feriado<\/h2>\n<p>O transporte p\u00fablico desempenha um papel crucial na mobilidade urbana, especialmente em feriados como o anivers\u00e1rio da cidade. A redu\u00e7\u00e3o da frota demanda que os cidad\u00e3os se planejem com anteced\u00eancia para evitar contratempos. A mobilidade eficiente \u00e9 fundamental para o funcionamento da cidade, pois muitos moradores dependem dos \u00f4nibus para acessar servi\u00e7os, escolas e empregos. As adapta\u00e7\u00f5es de hor\u00e1rios e demanda durante feriados devem sempre ser levadas em considera\u00e7\u00e3o para garantir que todos possam se deslocar adequadamente.<\/p>\n<h2>O Que Fazer se Precisar de Atendimento Emergencial<\/h2>\n<p>Em caso de emerg\u00eancias durante o feriado, \u00e9 vital que os cidad\u00e3os conhe\u00e7am as instala\u00e7\u00f5es de atendimento que estar\u00e3o funcionando. As Unidades de Pronto Atendimento, assim como os diversos hospitais da cidade, estar\u00e3o prontos para atender qualquer emerg\u00eancia. \u00c9 recomend\u00e1vel que os moradores estejam cientes das localiza\u00e7\u00f5es e n\u00fameros de telefone dessas unidades para uma resposta r\u00e1pida em situa\u00e7\u00f5es cr\u00edticas.<\/p>\n<h2>Hist\u00f3ria de Santo Andr\u00e9: Uma Cidade em Crescimento<\/h2>\n<p>Santo Andr\u00e9, situada no ABC Paulista, \u00e9 uma cidade rica em hist\u00f3ria, com mais de 470 anos de funda\u00e7\u00e3o. Durante esse tempo, a cidade evoluiu de um pequeno povoado para uma metr\u00f3pole vibrante, com uma popula\u00e7\u00e3o significativa que participa ativamente da vida urbana. Celebrar o anivers\u00e1rio de Santo Andr\u00e9 \u00e9 lembrar n\u00e3o apenas da sua rica hist\u00f3ria, mas tamb\u00e9m do futuro em constante desenvolvimento da cidade.<\/p>\n<h2>Comunica\u00e7\u00e3o com a Prefeitura em Dias de Feriado<\/h2>\n<p>A comunica\u00e7\u00e3o com a administra\u00e7\u00e3o de Santo Andr\u00e9 \u00e9 essencial, especialmente em dias de feriado quando muitos servi\u00e7os do governo est\u00e3o em regime de plant\u00e3o. A Prefeitura disponibiliza canais de comunica\u00e7\u00e3o pelos quais cidad\u00e3os podem buscar informa\u00e7\u00f5es sobre servi\u00e7os, hor\u00e1rios e outras necessidades. Atrav\u00e9s de mensagens, e-mails ou at\u00e9 mesmo redes sociais, a administra\u00e7\u00e3o pode fornecer as informa\u00e7\u00f5es necess\u00e1rias para manter a popula\u00e7\u00e3o informada.<\/p>\n<h2>Preparativos para o Anivers\u00e1rio da Cidade<\/h2>\n<p>O planejamento e os preparativos para a celebra\u00e7\u00e3o do anivers\u00e1rio da cidade s\u00e3o parte importante da cultura local. Eventos p\u00fablicos, atividades voltadas para o lazer e a promo\u00e7\u00e3o de servi\u00e7os comunit\u00e1rios s\u00e3o algumas das formas em que a cidade se une para comemorar essa data significativa. Os cidad\u00e3os s\u00e3o incentivados a participar das festividades, fortalecendo o la\u00e7o comunit\u00e1rio e o sentimento de pertencimento \u00e0 cidade.<\/p>\n\n<div style=\"font-size: 0px; height: 0px; line-height: 0px; margin: 0; padding: 0; clear: both;\"><\/div>","protected":false},"excerpt":{"rendered":"<p>Santo Andr\u00e9 reduz frota de \u00f4nibus nesta quarta-feira; saiba mais.<\/p>\n","protected":false},"author":1,"featured_media":3743,"comment_status":"open","ping_status":"closed","sticky":false,"template":"","format":"standard","meta":{"footnotes":""},"categories":[6],"tags":[],"class_list":["post-3744","post","type-post","status-publish","format-standard","has-post-thumbnail","hentry","category-noticias-em-santo-andre","has_thumb"],"aioseo_notices":[],"_links":{"self":[{"href":"https:\/\/www.encontrasantoandre.com.br\/sobre\/wp-json\/wp\/v2\/posts\/3744","targetHints":{"allow":["GET"]}}],"collection":[{"href":"https:\/\/www.encontrasantoandre.com.br\/sobre\/wp-json\/wp\/v2\/posts"}],"about":[{"href":"https:\/\/www.encontrasantoandre.com.br\/sobre\/wp-json\/wp\/v2\/types\/post"}],"author":[{"embeddable":true,"href":"https:\/\/www.encontrasantoandre.com.br\/sobre\/wp-json\/wp\/v2\/users\/1"}],"replies":[{"embeddable":true,"href":"https:\/\/www.encontrasantoandre.com.br\/sobre\/wp-json\/wp\/v2\/comments?post=3744"}],"version-history":[{"count":0,"href":"https:\/\/www.encontrasantoandre.com.br\/sobre\/wp-json\/wp\/v2\/posts\/3744\/revisions"}],"wp:featuredmedia":[{"embeddable":true,"href":"https:\/\/www.encontrasantoandre.com.br\/sobre\/wp-json\/wp\/v2\/media\/3743"}],"wp:attachment":[{"href":"https:\/\/www.encontrasantoandre.com.br\/sobre\/wp-json\/wp\/v2\/media?parent=3744"}],"wp:term":[{"taxonomy":"category","embeddable":true,"href":"https:\/\/www.encontrasantoandre.com.br\/sobre\/wp-json\/wp\/v2\/categories?post=3744"},{"taxonomy":"post_tag","embeddable":true,"href":"https:\/\/www.encontrasantoandre.com.br\/sobre\/wp-json\/wp\/v2\/tags?post=3744"}],"curies":[{"name":"wp","href":"https:\/\/api.w.org\/{rel}","templated":true}]}}