{"id":3755,"date":"2026-04-23T13:30:22","date_gmt":"2026-04-23T15:30:22","guid":{"rendered":"https:\/\/www.encontrasantoandre.com.br\/sobre\/o-que-se-sabe-sobre-o-trem-que-vai-ligar-santo-andre-e-embu\/"},"modified":"2026-04-23T13:30:22","modified_gmt":"2026-04-23T15:30:22","slug":"o-que-se-sabe-sobre-o-trem-que-vai-ligar-santo-andre-e-embu","status":"publish","type":"post","link":"https:\/\/www.encontrasantoandre.com.br\/sobre\/o-que-se-sabe-sobre-o-trem-que-vai-ligar-santo-andre-e-embu\/","title":{"rendered":"O que se sabe sobre o trem que vai ligar Santo Andr\u00e9 e Embu?"},"content":{"rendered":"<div class=\"4fdc6fbb32335ae240758d21e215a0e4\" data-index=\"1\" style=\"float: none; margin:0px;\">\n<!-- Anuncio display - global -->\r\n<ins class=\"adsbygoogle\"\r\n     style=\"display:block\"\r\n     data-ad-client=\"ca-pub-8585364105181520\"\r\n     data-ad-slot=\"8789329856\"\r\n     data-ad-format=\"auto\"\r\n     data-full-width-responsive=\"true\"><\/ins>\r\n<script>\r\n     (adsbygoogle = window.adsbygoogle || []).push({});\r\n<\/script>\n<\/div>\n<h2>Vis\u00e3o Geral do Projeto<\/h2>\n<p>Um novo e ambicioso projeto ferrovi\u00e1rio est\u00e1 sendo planejado para conectar Santo Andr\u00e9 a Embu das Artes, passando tamb\u00e9m pela cidade de Diadema e pela Zona Sul de S\u00e3o Paulo. Esta iniciativa diz respeito \u00e0 cria\u00e7\u00e3o da Linha 25-Top\u00e1zio, como foi destacado por v\u00e1rias fontes de mobilidade urbana.<\/p>\n<p>O projeto foi introduzido no Estudo Nacional de Mobilidade Urbana (ENMU), que foi elaborado pelo BNDES em conjunto com o Minist\u00e9rio das Cidades. O estudo apresenta uma s\u00e9rie de dados inovadores sobre o projeto, incluindo estimativas de frota, custo e previs\u00e3o de expans\u00e3o da rede de transporte at\u00e9 2054, quando se espera que a regi\u00e3o metropolitana de S\u00e3o Paulo tenha aproximadamente 147 quil\u00f4metros de novas linhas de metr\u00f4.<\/p>\n<h2>Benef\u00edcios da Linha 25-Top\u00e1zio<\/h2>\n<p>A Linha 25-Top\u00e1zio tem como objetivo primordial atender regi\u00f5es que historicamente enfrentam car\u00eancia de transporte ferrovi\u00e1rio, especialmente as \u00e1reas de Diadema, Embu das Artes e S\u00e3o Bernardo do Campo. O projeto representa uma expans\u00e3o significativa na rede metrovi\u00e1ria, com um total de 34,5 quil\u00f4metros de extens\u00e3o e 21 esta\u00e7\u00f5es planejadas.<\/p>\n<p><img decoding=\"async\" src=\"https:\/\/www.encontrasantoandre.com.br\/sobre\/wp-content\/uploads\/2026\/04\/o-que-se-sabe-sobre-o-trem-que-vai-ligar-santo-andre-e-embu.webp\" alt=\"trem que vai ligar Santo Andr\u00e9 a Embu\" loading=\"lazy\" \/><\/p>\n<p>Alguns dos benef\u00edcios esperados incluem:<\/p>\n<ul>\n<li><strong>Aumento da mobilidade:<\/strong> Oferece uma alternativa vi\u00e1vel para deslocamentos, gerando uma melhoria significativa na qualidade de vida dos habitantes dessas \u00e1reas.<\/li>\n<li><strong>Redu\u00e7\u00e3o de congestionamentos:<\/strong> Com mais op\u00e7\u00f5es de transporte, estima-se uma diminui\u00e7\u00e3o no fluxo de ve\u00edculos nas estradas.<\/li>\n<li><strong>Integra\u00e7\u00e3o ao sistema existente:<\/strong> A linha permitir\u00e1 conex\u00f5es diretas com outras linhas da CPTM, aumentando a acessibilidade e a efici\u00eancia do transporte p\u00fablico.<\/li>\n<\/ul>\n<h2>Conex\u00f5es Estrat\u00e9gicas do Trem<\/h2>\n<p>O planejamento da Linha 25-Top\u00e1zio inclui v\u00e1rias esta\u00e7\u00f5es estrat\u00e9gicas que prometem facilitar as conex\u00f5es com outras linhas de transporte. Entre as principais paradas est\u00e3o:<\/p>\n<ul>\n<li><strong>Esta\u00e7\u00e3o ABC:<\/strong> Que ir\u00e1 integrar a Linha 25 com a futura Linha 14-\u00d4nix da CPTM.<\/li>\n<li><strong>Esta\u00e7\u00e3o Campo Limpo:<\/strong> J\u00e1 existente na Linha 5-Lil\u00e1s, tamb\u00e9m ter\u00e1 conex\u00e3o com a futura Linha 24-Quartzo da CPTM.<\/li>\n<\/ul>\n<p>Essas conex\u00f5es s\u00e3o vitais para garantir que os passageiros n\u00e3o apenas acessem a nova linha, mas tamb\u00e9m possam transferir facilmente para outras linhas e rotas, ampliando assim sua mobilidade.<\/p>\n<h2>Expectativas de Implementa\u00e7\u00e3o<\/h2>\n<p>Atualmente, a Linha 25-Top\u00e1zio est\u00e1 na fase de projeto diretriz, com a previs\u00e3o de sua implanta\u00e7\u00e3o a partir de 2040. O cronograma inclui a constru\u00e7\u00e3o de diversas esta\u00e7\u00f5es, viadutos, t\u00faneis e ajustes na geometria das pistas, fatores que contribuem para a complexidade e o elevado custo das obras planejadas.<\/p>\n<h2>Or\u00e7amento e Viabilidade do Projeto<\/h2>\n<p>O investimento total estimado para a Linha 25-Top\u00e1zio chega a R$ 34,502 bilh\u00f5es, que se destinam \u00e0 constru\u00e7\u00e3o das esta\u00e7\u00f5es e toda a infraestrutura necess\u00e1ria para o funcionamento do trem. A cria\u00e7\u00e3o de 46 trens operando em intervalos de tr\u00eas minutos est\u00e1 tamb\u00e9m prevista, configurando um sistema de transporte r\u00e1pido e eficiente.<\/p>\n<p>Apesar dos desafios financeiros e t\u00e9cnicos, a linha \u00e9 considerada estrat\u00e9gica pela sua potencial aten\u00e7\u00e3o a regi\u00f5es de alta demanda por transporte p\u00fablico. Essa iniciativa pode promover uma significativa migra\u00e7\u00e3o do uso do carro particular para o sistema ferrovi\u00e1rio, ajudando a aliviar a press\u00e3o sobre o tr\u00e1fego nas vias urbanas.<\/p>\n<h2>Impactos na Mobilidade Urbana<\/h2>\n<p>A introdu\u00e7\u00e3o da Linha 25-Top\u00e1zio \u00e9 esperada para provocar mudan\u00e7as significativas na mobilidade urbana, proporcionando uma alternativa de transporte efetiva para os moradores das \u00e1reas perif\u00e9ricas. As melhorias no tempo de deslocamento e na qualidade do servi\u00e7o p\u00fablico de transporte devem ajudar a facilitar a vida cotidiana dos cidad\u00e3os.<\/p>\n<p>Com a diminui\u00e7\u00e3o do tempo gasto em transporte, os cidad\u00e3os podem ter mais tempo livre e, portanto, uma melhoria geral na qualidade de vida, al\u00e9m de favorecer a economicidade nas fam\u00edlias que dependem do transporte para suas atividades di\u00e1rias.<\/p>\n<h2>A Import\u00e2ncia do Transporte Coletivo<\/h2>\n<p>O transporte p\u00fablico sempre foi um pilar essencial nas cidades, preenchendo lacunas na infraestrutura urbana. A cria\u00e7\u00e3o da Linha 25-Top\u00e1zio amplia esse conceito ao proporcionar um transporte coletivo que n\u00e3o apenas atende \u00e0 demanda atual, mas tamb\u00e9m se antecipa ao crescimento urbano futuro.<\/p>\n<p>Ao investir em alternativas de transporte coletivo, a cidade de S\u00e3o Paulo se posiciona para um futuro em que a mobilidade n\u00e3o depende exclusivamente de ve\u00edculos individuais, contribuindo para a sustentabilidade e promovendo a utiliza\u00e7\u00e3o de meios de transporte menos poluentes.<\/p>\n<h2>Desafios Enfrentados pela Linha<\/h2>\n<p>Apesar do potencial transformador do projeto, a Linha 25-Top\u00e1zio enfrenta uma s\u00e9rie de desafios, como:<\/p>\n<ul>\n<li><strong>Obten\u00e7\u00e3o de financiamento:<\/strong> Captar os recursos necess\u00e1rios para iniciar e manter a obra \u00e9 crucial.<\/li>\n<li><strong>Log\u00edstica e execu\u00e7\u00e3o:<\/strong> Coordenar a constru\u00e7\u00e3o em \u00e1reas urbanas densamente povoadas apresenta suas pr\u00f3prias complexidades.<\/li>\n<li><strong>Aceita\u00e7\u00e3o p\u00fablica:<\/strong> Garantir a aceita\u00e7\u00e3o e ades\u00e3o da popula\u00e7\u00e3o local \u00e9 fundamental para o sucesso do projeto.<\/li>\n<\/ul>\n<h2>Perspectivas Futuras para o Transporte<\/h2>\n<p>O futuro do transporte ferrovi\u00e1rio em S\u00e3o Paulo parece promissor com a Linha 25-Top\u00e1zio projetada para se unir a uma rede mais ampla. Com essa expans\u00e3o, o cen\u00e1rio do transporte pode mudar significativamente, oferecendo alternativas de qualidade que atendam as necessidades de uma popula\u00e7\u00e3o crescente.<\/p>\n<p>O planejamento de novas linhas tamb\u00e9m est\u00e1 alinhado com o objetivo de reduzir os impactos do tr\u00e2nsito, promovendo um uso mais eficiente das estradas j\u00e1 existentes e minimizando a polui\u00e7\u00e3o no ambiente urbano.<\/p>\n<h2>Compromissos Governamentais Relacionados<\/h2>\n<p>Recentemente, o governador Tarc\u00edsio de Freitas se manifestou sobre as prioridades do governo em rela\u00e7\u00e3o a novas linhas de transporte sobre trilhos, incluso o projeto da Linha 25-Top\u00e1zio. Durante suas declara\u00e7\u00f5es, ficou claro que h\u00e1 um compromisso com a melhoria da malha ferrovi\u00e1ria e a busca por solu\u00e7\u00f5es que atendam a demanda da popula\u00e7\u00e3o.<\/p>\n<p>Os governos, tanto em n\u00edvel estadual quanto federal, t\u00eam um papel vital na sustenta\u00e7\u00e3o e viabiliza\u00e7\u00e3o de projetos como este, e esperam-se que novas propostas e estudos sejam lan\u00e7ados para garantir os melhores resultados no futuro pr\u00f3ximo.<\/p>\n\n<div style=\"font-size: 0px; height: 0px; line-height: 0px; margin: 0; padding: 0; clear: both;\"><\/div>","protected":false},"excerpt":{"rendered":"<p>O trem que ligar\u00e1 Santo Andr\u00e9 a Embu promete revolucionar a mobilidade urbana na regi\u00e3o.<\/p>\n","protected":false},"author":1,"featured_media":3754,"comment_status":"open","ping_status":"closed","sticky":false,"template":"","format":"standard","meta":{"footnotes":""},"categories":[6],"tags":[],"class_list":["post-3755","post","type-post","status-publish","format-standard","has-post-thumbnail","hentry","category-noticias-em-santo-andre","has_thumb"],"aioseo_notices":[],"_links":{"self":[{"href":"https:\/\/www.encontrasantoandre.com.br\/sobre\/wp-json\/wp\/v2\/posts\/3755","targetHints":{"allow":["GET"]}}],"collection":[{"href":"https:\/\/www.encontrasantoandre.com.br\/sobre\/wp-json\/wp\/v2\/posts"}],"about":[{"href":"https:\/\/www.encontrasantoandre.com.br\/sobre\/wp-json\/wp\/v2\/types\/post"}],"author":[{"embeddable":true,"href":"https:\/\/www.encontrasantoandre.com.br\/sobre\/wp-json\/wp\/v2\/users\/1"}],"replies":[{"embeddable":true,"href":"https:\/\/www.encontrasantoandre.com.br\/sobre\/wp-json\/wp\/v2\/comments?post=3755"}],"version-history":[{"count":0,"href":"https:\/\/www.encontrasantoandre.com.br\/sobre\/wp-json\/wp\/v2\/posts\/3755\/revisions"}],"wp:featuredmedia":[{"embeddable":true,"href":"https:\/\/www.encontrasantoandre.com.br\/sobre\/wp-json\/wp\/v2\/media\/3754"}],"wp:attachment":[{"href":"https:\/\/www.encontrasantoandre.com.br\/sobre\/wp-json\/wp\/v2\/media?parent=3755"}],"wp:term":[{"taxonomy":"category","embeddable":true,"href":"https:\/\/www.encontrasantoandre.com.br\/sobre\/wp-json\/wp\/v2\/categories?post=3755"},{"taxonomy":"post_tag","embeddable":true,"href":"https:\/\/www.encontrasantoandre.com.br\/sobre\/wp-json\/wp\/v2\/tags?post=3755"}],"curies":[{"name":"wp","href":"https:\/\/api.w.org\/{rel}","templated":true}]}}