{"id":3771,"date":"2026-04-28T13:02:14","date_gmt":"2026-04-28T15:02:14","guid":{"rendered":"https:\/\/www.encontrasantoandre.com.br\/sobre\/em-primeira\/"},"modified":"2026-04-28T13:02:14","modified_gmt":"2026-04-28T15:02:14","slug":"em-primeira","status":"publish","type":"post","link":"https:\/\/www.encontrasantoandre.com.br\/sobre\/em-primeira\/","title":{"rendered":"EM PRIMEIRA"},"content":{"rendered":"<div class=\"4fdc6fbb32335ae240758d21e215a0e4\" data-index=\"1\" style=\"float: none; margin:0px;\">\n<!-- Anuncio display - global -->\r\n<ins class=\"adsbygoogle\"\r\n     style=\"display:block\"\r\n     data-ad-client=\"ca-pub-8585364105181520\"\r\n     data-ad-slot=\"8789329856\"\r\n     data-ad-format=\"auto\"\r\n     data-full-width-responsive=\"true\"><\/ins>\r\n<script>\r\n     (adsbygoogle = window.adsbygoogle || []).push({});\r\n<\/script>\n<\/div>\n<h2>O que \u00e9 a Linha Circular Luzitinha?<\/h2>\n<p>A Linha Circular Luzitinha representa uma novidade significativa no sistema de transporte coletivo de Santo Andr\u00e9, especialmente voltada para a inclus\u00e3o social. Trata-se de um servi\u00e7o de micro-\u00f4nibus gerido pela operadora Suzantur, cuja finalidade \u00e9 conectar uma comunidade com hist\u00f3rico de exclus\u00e3o no que diz respeito ao acesso a transporte p\u00fablico ao Terminal de Vila Luzita, um ponto central nesta regi\u00e3o populosa do ABC Paulista. Este \u00e9 o que podemos considerar o primeiro exemplo de transporte com tarifa zero implementado na cidade, que busca atender a demanda social existente.<\/p>\n<h2>Benef\u00edcios da Tarifa Zero para a Comunidade<\/h2>\n<p>A introdu\u00e7\u00e3o da tarifa zero para a linha Circular Luzitinha apresenta diversos benef\u00edcios diretos para os moradores da \u00e1rea atendida. Dentre os principais, destacam-se:<\/p>\n<ul>\n<li><strong>Facilidade de Acesso:<\/strong> Moradores que antes sofriam com a falta de transporte agora t\u00eam uma op\u00e7\u00e3o eficiente para se deslocar at\u00e9 o terminal.<\/li>\n<li><strong>Apoio \u00e0 Popula\u00e7\u00e3o Carente:<\/strong> A gratuidade no transporte favorece as pessoas em situa\u00e7\u00e3o de vulnerabilidade, permitindo uma maior mobilidade social.<\/li>\n<li><strong>Estimula o Com\u00e9rcio Local:<\/strong> O acesso facilitado pode auxiliar o aumento do movimento em com\u00e9rcios locais, impulsionando a economia da regi\u00e3o.<\/li>\n<li><strong>Redu\u00e7\u00e3o de Custos:<\/strong> Com a isen\u00e7\u00e3o de tarifas, as fam\u00edlias podem economizar ao evitar gastos com transporte, direcionando essas economias para outras necessidades essenciais.<\/li>\n<\/ul>\n<h2>Como Funciona o Itiner\u00e1rio da Linha?<\/h2>\n<p>O itiner\u00e1rio da linha Circular Luzitinha foi planejado para ser direto e acess\u00edvel, cobrindo as principais \u00e1reas que necessitam de conex\u00e3o. O percurso circular se d\u00e1 da seguinte maneira:<\/p>\n<p><img decoding=\"async\" src=\"https:\/\/www.encontrasantoandre.com.br\/sobre\/wp-content\/uploads\/2026\/04\/em-primeira.webp\" alt=\"Tarifa Zero Santo Andr\u00e9\" loading=\"lazy\" \/><\/p>\n<ul>\n<li>Partida do **Terminal Vila Luzita**<\/li>\n<li>Passagem pela **Avenida Capit\u00e3o M\u00e1rio Toledo de Camargo**<\/li>\n<li>Seguiu pela **Estrada do Pedroso**<\/li>\n<li>Entra na **Rua Renascer**<\/li>\n<li>Depois segue pela **Rua da Conquista**<\/li>\n<li>Continua na **Rua dos Mission\u00e1rios**<\/li>\n<li>Retorno pela **Estrada do Pedroso** e **Avenida Capit\u00e3o M\u00e1rio Toledo de Camargo**, voltando ao **Terminal Vila Luzita**.<\/li>\n<\/ul>\n<p>Durante o deslocamento, n\u00e3o haver\u00e1 cobran\u00e7a de tarifa se o passageiro embarcar ou desembarcar em qualquer um dos pontos do trajeto, exceto nas transfer\u00eancias para outras linhas de \u00f4nibus, onde a tarifa padr\u00e3o ser\u00e1 aplicada.<\/p>\n<h2>Impacto Social da Iniciativa<\/h2>\n<p>A implementa\u00e7\u00e3o da linha Circular Luzitinha \u00e9 uma a\u00e7\u00e3o voltada n\u00e3o apenas para a melhoria do transporte, mas tamb\u00e9m para a transforma\u00e7\u00e3o social. Este servi\u00e7o \u00e9 um passo importante para garantir que todos os cidad\u00e3os tenham acesso ao transporte adequado, o que \u00e9 fundamental para a inclus\u00e3o social e o desenvolvimento econ\u00f4mico.<\/p>\n<p>A pesquisa independente do Instituto Paran\u00e1 Pesquisas, realizada em dezembro de 2025, indica que a linha Circular da Sa\u00fade, uma iniciativa anterior na cidade, recebeu uma aprova\u00e7\u00e3o de 91% entre os usu\u00e1rios. Essa aceita\u00e7\u00e3o alta \u00e9 um indicativo de que a popula\u00e7\u00e3o valoriza iniciativas que buscam atender suas necessidades reais de transporte.<\/p>\n<h2>A Gest\u00e3o Gilvan Ferreira e Inova\u00e7\u00e3o no Transporte<\/h2>\n<p>A administra\u00e7\u00e3o de Gilvan Ferreira tem se destacado por buscar inova\u00e7\u00f5es no setor de transporte p\u00fablico. A cria\u00e7\u00e3o da Linha Circular Luzitinha \u00e9 uma extens\u00e3o desse compromisso. Al\u00e9m de atender a popula\u00e7\u00e3o, o prefeito tem promovido v\u00e1rias a\u00e7\u00f5es de moderniza\u00e7\u00e3o do transporte na cidade, como a linha Circular da Sa\u00fade, que j\u00e1 demonstrou ser bem-sucedida ao oferecer um atendimento de qualidade e adaptado \u00e0s demandas da popula\u00e7\u00e3o.<\/p>\n<h2>Compara\u00e7\u00e3o com Outras Linhas de Transporte<\/h2>\n<p>\u00c9 importante comparar a Linha Circular Luzitinha com outras linhas existentes. Enquanto a maioria das linhas de transporte em Santo Andr\u00e9 segue um modelo tarifado e convencional, a nova linha busca oferecer uma alternativa gratuita que favorece diretamente as comunidades mais necessitadas. Essa abordagem representa uma mudan\u00e7a paradigm\u00e1tica na forma como o transporte \u00e9 administrado e percebido pela popula\u00e7\u00e3o.<\/p>\n<h2>Expectativas da Popula\u00e7\u00e3o para a Nova Linha<\/h2>\n<p>A popula\u00e7\u00e3o de Santo Andr\u00e9 est\u00e1 ansiosa para a implementa\u00e7\u00e3o da Linha Circular Luzitinha. As expectativas s\u00e3o elevadas, especialmente entre os moradores das \u00e1reas atendidas, que agora poder\u00e3o acessar servi\u00e7os essenciais, como sa\u00fade, educa\u00e7\u00e3o e oportunidades de emprego, com mais facilidade e sem o \u00f4nus das tarifas. Essa recente mudan\u00e7a \u00e9 vista como uma forma de revitalizar a interatividade comunit\u00e1ria e o acesso a direitos b\u00e1sicos.<\/p>\n<h2>Hist\u00f3rico das Iniciativas de Transporte em Santo Andr\u00e9<\/h2>\n<p>Santo Andr\u00e9 tem um hist\u00f3rico de esfor\u00e7os em prol da melhoria do transporte p\u00fablico, com a introdu\u00e7\u00e3o de novos servi\u00e7os e reestrutura\u00e7\u00e3o de linhas existentes. A cria\u00e7\u00e3o da Circular da Sa\u00fade \u00e9 um exemplo not\u00e1vel que, ali\u00e1s, melhorou significativamente a qualidade de vida das pessoas ao redor do Hospital M\u00e1rio Covas e do Poupatempo. Essas iniciativas anteriores pavimentaram o caminho para a nova linha, mostrando que o investimento no transporte p\u00fablico \u00e9 um fator chave para o desenvolvimento social.<\/p>\n<h2>An\u00e1lise da Opini\u00e3o P\u00fablica sobre a Tarifa Zero<\/h2>\n<p>A aprova\u00e7\u00e3o da Tarifa Zero pela comunidade \u00e9 um reflexo das mudan\u00e7as necess\u00e1rias no sistema de transporte. Muita gente acredita que a isen\u00e7\u00e3o de tarifas n\u00e3o apenas facilita a mobilidade, mas tamb\u00e9m representa um compromisso com a justi\u00e7a social. O feedback da popula\u00e7\u00e3o tem sido amplamente positivo, com cidad\u00e3os expressando que a gratuidade nos trajetos pode ser um modelo a ser seguido por outras cidades.<\/p>\n<h2>Pr\u00f3ximos Passos para a Implementa\u00e7\u00e3o<\/h2>\n<p>Os pr\u00f3ximos passos para a implementa\u00e7\u00e3o da Linha Circular Luzitinha incluem a defini\u00e7\u00e3o de cronogramas de opera\u00e7\u00e3o, publicidade do novo servi\u00e7o e a capacita\u00e7\u00e3o da equipe que ir\u00e1 operar os micro-\u00f4nibus. A gest\u00e3o de Gilvan Ferreira tamb\u00e9m se comprometeu a monitorar a linha quanto \u00e0 sua efici\u00eancia e aceita\u00e7\u00e3o, coletando dados que poder\u00e3o auxiliar na tomada de decis\u00f5es futuras e possibilitar ajustes conforme necess\u00e1rio. Dessa forma, espera-se que a nova linha n\u00e3o apenas atenda suas fun\u00e7\u00f5es de transporte, mas tamb\u00e9m se torne um modelo de inclus\u00e3o social e inova\u00e7\u00e3o no servi\u00e7o p\u00fablico.<\/p>\n\n<div style=\"font-size: 0px; height: 0px; line-height: 0px; margin: 0; padding: 0; clear: both;\"><\/div>","protected":false},"excerpt":{"rendered":"<p>Santo Andr\u00e9 implementa tarifa zero com a nova linha Circular Luzitinha, uma iniciativa revolucion\u00e1ria.<\/p>\n","protected":false},"author":1,"featured_media":3770,"comment_status":"open","ping_status":"closed","sticky":false,"template":"","format":"standard","meta":{"footnotes":""},"categories":[6],"tags":[],"class_list":["post-3771","post","type-post","status-publish","format-standard","has-post-thumbnail","hentry","category-noticias-em-santo-andre","has_thumb"],"aioseo_notices":[],"_links":{"self":[{"href":"https:\/\/www.encontrasantoandre.com.br\/sobre\/wp-json\/wp\/v2\/posts\/3771","targetHints":{"allow":["GET"]}}],"collection":[{"href":"https:\/\/www.encontrasantoandre.com.br\/sobre\/wp-json\/wp\/v2\/posts"}],"about":[{"href":"https:\/\/www.encontrasantoandre.com.br\/sobre\/wp-json\/wp\/v2\/types\/post"}],"author":[{"embeddable":true,"href":"https:\/\/www.encontrasantoandre.com.br\/sobre\/wp-json\/wp\/v2\/users\/1"}],"replies":[{"embeddable":true,"href":"https:\/\/www.encontrasantoandre.com.br\/sobre\/wp-json\/wp\/v2\/comments?post=3771"}],"version-history":[{"count":0,"href":"https:\/\/www.encontrasantoandre.com.br\/sobre\/wp-json\/wp\/v2\/posts\/3771\/revisions"}],"wp:featuredmedia":[{"embeddable":true,"href":"https:\/\/www.encontrasantoandre.com.br\/sobre\/wp-json\/wp\/v2\/media\/3770"}],"wp:attachment":[{"href":"https:\/\/www.encontrasantoandre.com.br\/sobre\/wp-json\/wp\/v2\/media?parent=3771"}],"wp:term":[{"taxonomy":"category","embeddable":true,"href":"https:\/\/www.encontrasantoandre.com.br\/sobre\/wp-json\/wp\/v2\/categories?post=3771"},{"taxonomy":"post_tag","embeddable":true,"href":"https:\/\/www.encontrasantoandre.com.br\/sobre\/wp-json\/wp\/v2\/tags?post=3771"}],"curies":[{"name":"wp","href":"https:\/\/api.w.org\/{rel}","templated":true}]}}