{"id":3777,"date":"2026-04-29T13:42:04","date_gmt":"2026-04-29T15:42:04","guid":{"rendered":"https:\/\/www.encontrasantoandre.com.br\/sobre\/entrevista-santo-andre-sp-estuda-ampliar-linhas-com-tarifa-zero-vincular-gratuidade-nos-onibus-a-consultas-medicas-e-licitar-vila-luzita-ate-outubro\/"},"modified":"2026-04-29T13:42:04","modified_gmt":"2026-04-29T15:42:04","slug":"entrevista-santo-andre-sp-estuda-ampliar-linhas-com-tarifa-zero-vincular-gratuidade-nos-onibus-a-consultas-medicas-e-licitar-vila-luzita-ate-outubro","status":"publish","type":"post","link":"https:\/\/www.encontrasantoandre.com.br\/sobre\/entrevista-santo-andre-sp-estuda-ampliar-linhas-com-tarifa-zero-vincular-gratuidade-nos-onibus-a-consultas-medicas-e-licitar-vila-luzita-ate-outubro\/","title":{"rendered":"ENTREVISTA: Santo Andr\u00e9 (SP) estuda ampliar linhas com tarifa zero, vincular gratuidade nos \u00f4nibus a consultas m\u00e9dicas e licitar Vila Luzita at\u00e9 outubro"},"content":{"rendered":"<div class=\"4fdc6fbb32335ae240758d21e215a0e4\" data-index=\"1\" style=\"float: none; margin:0px;\">\n<!-- Anuncio display - global -->\r\n<ins class=\"adsbygoogle\"\r\n     style=\"display:block\"\r\n     data-ad-client=\"ca-pub-8585364105181520\"\r\n     data-ad-slot=\"8789329856\"\r\n     data-ad-format=\"auto\"\r\n     data-full-width-responsive=\"true\"><\/ins>\r\n<script>\r\n     (adsbygoogle = window.adsbygoogle || []).push({});\r\n<\/script>\n<\/div>\n<h2>O que \u00e9 a tarifa zero em Santo Andr\u00e9?<\/h2>\n<p>A tarifa zero, proposta pela cidade de Santo Andr\u00e9, consiste na disponibiliza\u00e7\u00e3o de servi\u00e7os de transporte coletivo sem a cobran\u00e7a de tarifa aos passageiros. O intuito \u00e9 proporcionar mobilidade acess\u00edvel e melhorar a qualidade de vida dos moradores, especialmente nas \u00e1reas mais carentes e distantes dos centros urbanos. Neste contexto, a iniciativa visa atender \u00e0 comunidade com um servi\u00e7o especial, come\u00e7ando com a linha &#8220;Circular Luzitinha&#8221;, que conecta a comunidade do &#8220;Cruzado&#8221; a pontos estrat\u00e9gicos, como o Terminal Vila Luzita.<\/p>\n<h2>Os benef\u00edcios do transporte gratuito para a popula\u00e7\u00e3o<\/h2>\n<p>A implementa\u00e7\u00e3o da tarifa zero traz consigo uma s\u00e9rie de benef\u00edcios significativos para a popula\u00e7\u00e3o. Dentre eles, destacam-se:<\/p>\n<ul>\n<li><strong>Acesso \u00e0 Mobilidade:<\/strong> Facilita o deslocamento para aquelas pessoas que, antes, enfrentavam dificuldades para usar o transporte p\u00fablico devido ao custo.<\/li>\n<li><strong>Redu\u00e7\u00e3o de Desigualdades:<\/strong> Ao oferecer transporte gratuito, a iniciativa busca diminuir as disparidades sociais e econ\u00f4micas, promovendo a inclus\u00e3o.<\/li>\n<li><strong>Est\u00edmulo ao Com\u00e9rcio Local:<\/strong> A facilidade de deslocamento pode aumentar o movimento em estabelecimentos comerciais das \u00e1reas atendidas.<\/li>\n<li><strong>Custo Baixo para o Munic\u00edpio:<\/strong> O custo estimado para a manuten\u00e7\u00e3o desse servi\u00e7o gira em torno de R$ 2 por morador, o que \u00e9 considerado acess\u00edvel para a administra\u00e7\u00e3o p\u00fablica.<\/li>\n<\/ul>\n<h2>Como as consultas m\u00e9dicas influenciam a gratuidade<\/h2>\n<p>A proposta de Santo Andr\u00e9 tamb\u00e9m contempla a possibilidade de vincular a gratuidade do transporte p\u00fablico a consultas m\u00e9dicas na rede p\u00fablica. Essa estrat\u00e9gia tem o objetivo de facilitar o acesso \u00e0 sa\u00fade para os moradores. T\u00e9cnicamente, \u00e9 vi\u00e1vel integrar dados do Sistema \u00danico de Sa\u00fade (SUS) com o sistema de bilhetagem eletr\u00f4nica do transporte. Assim, nos dias de agendamento em unidades de sa\u00fade, os usu\u00e1rios teriam direito ao transporte gratuito para ir e voltar.<\/p>\n<p><img decoding=\"async\" src=\"https:\/\/www.encontrasantoandre.com.br\/sobre\/wp-content\/uploads\/2026\/04\/entrevista-santo-andre-sp-estuda-ampliar-linhas-com-tarifa-zero-vincular-gratuidade-nos-onibus-a-con.webp\" alt=\"tarifa zero\" loading=\"lazy\" \/><\/p>\n<h2>O papel do prefeito Gilvan Ferreira nessa proposta<\/h2>\n<p>O prefeito Gilvan Ferreira desempenha um papel crucial na implementa\u00e7\u00e3o da tarifa zero. Ele tem defendido a ideia como parte de uma pol\u00edtica p\u00fablica robusta, voltada para melhorar a qualidade de vida da popula\u00e7\u00e3o. Durante a apresenta\u00e7\u00e3o do servi\u00e7o &#8220;Circular Luzitinha&#8221;, Gilvan enfatizou a import\u00e2ncia de fazer isso dentro das limita\u00e7\u00f5es or\u00e7ament\u00e1rias do munic\u00edpio, garantindo a sustentabilidade do projeto e priorizando as \u00e1reas que mais carecem do servi\u00e7o.<\/p>\n<h2>An\u00e1lise das \u00e1reas atendidas pelo projeto piloto<\/h2>\n<p>O projeto piloto abrange comunidades que enfrentam desafios significativos em termos de transporte. A linha Circular Luzitinha conecta a \u00e1rea do Cruzado, uma das mais vulner\u00e1veis de Santo Andr\u00e9, a um terminal de \u00f4nibus, proporcionando aos moradores um acesso facilitado aos servi\u00e7os e \u00e0 mobilidade que antes eram limitados. Os pontos de parada foram selecionados levando em considera\u00e7\u00e3o a facilidade de embarque e desembarque para os usu\u00e1rios.<\/p>\n<h2>Implica\u00e7\u00f5es financeiras da tarifa zero<\/h2>\n<p>As implica\u00e7\u00f5es financeiras da tarifa zero s\u00e3o um ponto chave na discuss\u00e3o sobre sua viabilidade. A prefeitura estima um custo de opera\u00e7\u00e3o mensal em torno de R$ 55 mil para o funcionamento do micro-\u00f4nibus que cobre a rota da Circular Luzitinha. Com a an\u00e1lise detalhada, conclui-se que, proporcionalmente ao n\u00famero de moradores que usam o servi\u00e7o, o custo por habitante \u00e9 bastante razo\u00e1vel, o que torna o projeto financeiramente sustent\u00e1vel no curto e m\u00e9dio prazo.<\/p>\n<h2>Vantagens do micro-\u00f4nibus em \u00e1reas carentes<\/h2>\n<p>O modelo de micro-\u00f4nibus foi escolhido por sua capacidade de manobrar em \u00e1reas urbanas com infraestrutura limitada, onde as ruas s\u00e3o estreitas e o espa\u00e7o \u00e9 restrito. Com isso, o micro-\u00f4nibus pode acessar regi\u00f5es que normalmente estariam sem qualquer tipo de servi\u00e7o de transporte, garantindo que mais pessoas possam se beneficiar da tarifa zero. Al\u00e9m disso, esse modelo ajuda a evitar a superlota\u00e7\u00e3o que costuma ocorrer em \u00f4nibus de maior capacidade.<\/p>\n<h2>O futuro da licita\u00e7\u00e3o da Vila Luzita<\/h2>\n<p>A licita\u00e7\u00e3o do sistema de transporte da Vila Luzita \u00e9 um projeto que j\u00e1 est\u00e1 h\u00e1 anos em pauta. O prefeito Gilvan Ferreira mencionou que a finaliza\u00e7\u00e3o da licita\u00e7\u00e3o est\u00e1 prevista para outubro de 2026, ap\u00f3s um longo per\u00edodo de planejamento e revis\u00e3o do modelo que tamb\u00e9m considerar\u00e1 a remunera\u00e7\u00e3o por quil\u00f4metro rodado, ao inv\u00e9s de por passageiro transportado. Essa mudan\u00e7a pode proporcionar uma opera\u00e7\u00e3o mais eficiente e adequada \u00e0s demandas da popula\u00e7\u00e3o.<\/p>\n<h2>Expectativas de impacto social da gratuidade<\/h2>\n<p>O impacto social do projeto de gratuidade no transporte p\u00fablico \u00e9 amplo. Com mais pessoas tendo acesso ao transporte coletivo, espera-se que haja uma melhoria na qualidade de vida e inclus\u00e3o social. Isso significa que os moradores poder\u00e3o acessar empregos, educa\u00e7\u00e3o, e servi\u00e7os de sa\u00fade com maior facilidade, criando um ciclo positivo que pode contribuir para o desenvolvimento social e econ\u00f4mico das comunidades atendidas.<\/p>\n<h2>O que dizem os moradores sobre a proposta<\/h2>\n<p>A recep\u00e7\u00e3o da proposta pela popula\u00e7\u00e3o tem sido positiva, com muitos moradores expressando otimismo em rela\u00e7\u00e3o ao novo servi\u00e7o. A gratuidade do transporte \u00e9 vista como uma conquista significativa e um passo importante para a inclus\u00e3o social e a melhoria da qualidade de vida nas \u00e1reas mais necessitadas. A comunica\u00e7\u00e3o ativa entre a prefeitura e a popula\u00e7\u00e3o tamb\u00e9m \u00e9 essencial para garantir que o servi\u00e7o atenda \u00e0s verdadeiras necessidades da comunidade.<\/p>\n\n<div style=\"font-size: 0px; height: 0px; line-height: 0px; margin: 0; padding: 0; clear: both;\"><\/div>","protected":false},"excerpt":{"rendered":"<p>Tarifa zero em Santo Andr\u00e9: amplia\u00e7\u00e3o de linhas gratuitas para consultas m\u00e9dicas est\u00e1 em estudo.<\/p>\n","protected":false},"author":1,"featured_media":3776,"comment_status":"open","ping_status":"closed","sticky":false,"template":"","format":"standard","meta":{"footnotes":""},"categories":[6],"tags":[],"class_list":["post-3777","post","type-post","status-publish","format-standard","has-post-thumbnail","hentry","category-noticias-em-santo-andre","has_thumb"],"aioseo_notices":[],"_links":{"self":[{"href":"https:\/\/www.encontrasantoandre.com.br\/sobre\/wp-json\/wp\/v2\/posts\/3777","targetHints":{"allow":["GET"]}}],"collection":[{"href":"https:\/\/www.encontrasantoandre.com.br\/sobre\/wp-json\/wp\/v2\/posts"}],"about":[{"href":"https:\/\/www.encontrasantoandre.com.br\/sobre\/wp-json\/wp\/v2\/types\/post"}],"author":[{"embeddable":true,"href":"https:\/\/www.encontrasantoandre.com.br\/sobre\/wp-json\/wp\/v2\/users\/1"}],"replies":[{"embeddable":true,"href":"https:\/\/www.encontrasantoandre.com.br\/sobre\/wp-json\/wp\/v2\/comments?post=3777"}],"version-history":[{"count":0,"href":"https:\/\/www.encontrasantoandre.com.br\/sobre\/wp-json\/wp\/v2\/posts\/3777\/revisions"}],"wp:featuredmedia":[{"embeddable":true,"href":"https:\/\/www.encontrasantoandre.com.br\/sobre\/wp-json\/wp\/v2\/media\/3776"}],"wp:attachment":[{"href":"https:\/\/www.encontrasantoandre.com.br\/sobre\/wp-json\/wp\/v2\/media?parent=3777"}],"wp:term":[{"taxonomy":"category","embeddable":true,"href":"https:\/\/www.encontrasantoandre.com.br\/sobre\/wp-json\/wp\/v2\/categories?post=3777"},{"taxonomy":"post_tag","embeddable":true,"href":"https:\/\/www.encontrasantoandre.com.br\/sobre\/wp-json\/wp\/v2\/tags?post=3777"}],"curies":[{"name":"wp","href":"https:\/\/api.w.org\/{rel}","templated":true}]}}