{"id":3779,"date":"2026-04-29T13:44:06","date_gmt":"2026-04-29T15:44:06","guid":{"rendered":"https:\/\/www.encontrasantoandre.com.br\/sobre\/primeira-linha-de-onibus-tarifa\/"},"modified":"2026-04-29T13:44:06","modified_gmt":"2026-04-29T15:44:06","slug":"primeira-linha-de-onibus-tarifa","status":"publish","type":"post","link":"https:\/\/www.encontrasantoandre.com.br\/sobre\/primeira-linha-de-onibus-tarifa\/","title":{"rendered":"Primeira linha de \u00f4nibus Tarifa"},"content":{"rendered":"<div class=\"4fdc6fbb32335ae240758d21e215a0e4\" data-index=\"1\" style=\"float: none; margin:0px;\">\n<!-- Anuncio display - global -->\r\n<ins class=\"adsbygoogle\"\r\n     style=\"display:block\"\r\n     data-ad-client=\"ca-pub-8585364105181520\"\r\n     data-ad-slot=\"8789329856\"\r\n     data-ad-format=\"auto\"\r\n     data-full-width-responsive=\"true\"><\/ins>\r\n<script>\r\n     (adsbygoogle = window.adsbygoogle || []).push({});\r\n<\/script>\n<\/div>\n<h2>O que \u00e9 a Circular Luzitinha?<\/h2>\n<p>A Circular Luzitinha representa a iniciativa pioneira em Santo Andr\u00e9, implementando o servi\u00e7o de \u00f4nibus com <strong>Tarifa Zero<\/strong>. Este servi\u00e7o visa proporcionar transporte gratuito para a popula\u00e7\u00e3o da comunidade Cruzado, localizada no Jardim Santo Andr\u00e9, com destino ao Terminal Vila Luzita. A implementa\u00e7\u00e3o da linha \u00e9 parte de um esfor\u00e7o da prefeitura para melhorar a mobilidade urbana e atender \u00e0s necessidades de uma popula\u00e7\u00e3o significativa.<\/p>\n<h2>Benef\u00edcios do Transporte Tarifa-Zero<\/h2>\n<p>A introdu\u00e7\u00e3o da <strong>Tarifa Zero<\/strong> traz diversas vantagens, tanto para os usu\u00e1rios quanto para o munic\u00edpio:<\/p>\n<ul>\n<li><strong>Redu\u00e7\u00e3o de Custos para os Moradores:<\/strong> Os usu\u00e1rios n\u00e3o precisam pagar por suas passagens, o que representa uma economia significativa para fam\u00edlias em \u00e1reas de baixa renda.<\/li>\n<li><strong>Acesso Ampliado:<\/strong> A linha permite que moradores de comunidades carentes tenham acesso facilitado ao transporte, promovendo inclus\u00e3o social.<\/li>\n<li><strong>Fomento ao Com\u00e9rcio Local:<\/strong> Com o transporte acess\u00edvel, os moradores t\u00eam maior facilidade para se deslocar, o que pode resultar em um aumento no movimento de receitas para os com\u00e9rcios locais.<\/li>\n<li><strong>Custo P\u00fablico Controlado:<\/strong> O investimento necess\u00e1rio para manter a linha \u00e9 estimado em torno de R$ 55 mil por m\u00eas, algo que, para a prefeitura, \u00e9 considerado um custo ben\u00e9fico devido ao retorno social.<\/li>\n<\/ul>\n<h2>Impacto Social da Nova Linha<\/h2>\n<p>A Circular Luzitinha tem um impacto social profundo. Ao atender cerca de 35 mil habitantes, a linha busca atender diretamente aqueles com menos acesso ao transporte p\u00fablico. A falta de op\u00e7\u00f5es pode ser um obst\u00e1culo para a gera\u00e7\u00e3o de emprego e a busca por servi\u00e7os essenciais. Essa mudan\u00e7a promover\u00e1 uma maior integra\u00e7\u00e3o social e econ\u00f4mica, sendo um passo essencial para a inclus\u00e3o.<\/p>\n<p><img decoding=\"async\" src=\"https:\/\/www.encontrasantoandre.com.br\/sobre\/wp-content\/uploads\/2026\/04\/primeira-linha-de-onibus-tarifa.webp\" alt=\"tarifa zero\" loading=\"lazy\" \/><\/p>\n<h2>Como Funciona o Sistema Tarifa-Zero?<\/h2>\n<p>O funcionamento do sistema de <strong>Tarifa Zero<\/strong> \u00e9 baseado em um modelo que n\u00e3o exige pagamento por parte dos passageiros:<\/p>\n<ul>\n<li><strong>Micro-\u00f4nibus Especiais:<\/strong> O servi\u00e7o \u00e9 executado por micro-\u00f4nibus adaptados, que s\u00e3o apropriados para as vias estreitas da regi\u00e3o, realizando embarques e desembarques especificamente nas comunidades atendidas.<\/li>\n<li><strong>Rotas Espec\u00edficas:<\/strong> A linha tem paradas limitadas, proporcionando um trajeto direto entre a comunidade Cruzado e o Terminal Vila Luzita, evitando desvios desnecess\u00e1rios.<\/li>\n<li><strong>N\u00e3o Interfer\u00eancia nas Tarifas Normais:<\/strong> As demais linhas de \u00f4nibus que operam na cidade continuar\u00e3o com seus pre\u00e7os habituais, garantindo que a Circular Luzitinha seja um servi\u00e7o adicional e n\u00e3o uma troca.<\/li>\n<\/ul>\n<h2>Hist\u00f3ria do Transporte em Santo Andr\u00e9<\/h2>\n<p>O transporte p\u00fablico em Santo Andr\u00e9 tem enfrentado desafios ao longo dos anos, especialmente nas regi\u00f5es mais carentes. Servi\u00e7os de transporte acess\u00edvel e confi\u00e1vel t\u00eam sido uma necessidade crescente para a popula\u00e7\u00e3o local. A Circular Luzitinha \u00e9 um passo importante na evolu\u00e7\u00e3o do servi\u00e7o p\u00fablico na cidade, promovendo um foco na inclus\u00e3o e na acessibilidade.<\/p>\n<h2>Import\u00e2ncia da Inclus\u00e3o no Transporte P\u00fablico<\/h2>\n<p>A inclus\u00e3o no transporte p\u00fablico \u00e9 fundamental para garantir que todos os cidad\u00e3os tenham acesso a servi\u00e7os essenciais, como trabalho, educa\u00e7\u00e3o e sa\u00fade. O transporte adequado pode ajudar a quebrar barreiras sociais e econ\u00f4micas, oferecendo oportunidades iguais em uma sociedade que muitas vezes marginaliza as popula\u00e7\u00f5es de baixa renda.<\/p>\n<h2>Funcionamento do Micro-\u00f4nibus<\/h2>\n<p>Os micro-\u00f4nibus utilizados na Circular Luzitinha s\u00e3o projetados para proporcionar m\u00e1xima efici\u00eancia e conforto:<\/p>\n<ul>\n<li><strong>Tamanho Compacto:<\/strong> O porte reduzido \u00e9 ideal para manobras em ruas estreitas e \u00e1reas residenciais.<\/li>\n<li><strong>Acessibilidade:<\/strong> Os ve\u00edculos s\u00e3o adaptados para atender a todos, incluindo deficientes f\u00edsicos.<\/li>\n<li><strong>Opera\u00e7\u00e3o Di\u00e1ria:<\/strong> O servi\u00e7o funcionar\u00e1 todos os dias da semana, garantindo que os moradores tenham acesso ao transporte sempre que precisarem.<\/li>\n<\/ul>\n<h2>Opini\u00f5es da Comunidade Sobre o Novo Servi\u00e7o<\/h2>\n<p>A rea\u00e7\u00e3o da comunidade \u00e0 introdu\u00e7\u00e3o da Circular Luzitinha tem sido amplamente positiva, com moradores expressando a necessidade e a antecipa\u00e7\u00e3o deste servi\u00e7o. Muitos ressaltam que isso representa um faltante passo para melhorar sua qualidade de vida e facilitar o acesso a outras \u00e1reas da cidade.<\/p>\n<h2>Compara\u00e7\u00e3o com Outros Sistemas de Transporte<\/h2>\n<p>Ao comparar a Circular Luzitinha com outros servi\u00e7os de transporte, fica evidente que esta iniciativa se destaca pela proposta de <strong>Tarifa Zero<\/strong>, que n\u00e3o \u00e9 comum em muitos munic\u00edpios. Outros sistemas frequentemente exigem tarifas que podem ser um \u00f4nus significativo para aqueles que possuem menos recursos. A diferencia\u00e7\u00e3o proporcionada pela Circular Luzitinha pode servir como um modelo para outras cidades.<\/p>\n<h2>Expectativas Futuras para o Transporte na Cidade<\/h2>\n<p>Com o sucesso da Circular Luzitinha, as expectativas para o futuro do transporte p\u00fablico em Santo Andr\u00e9 s\u00e3o promissoras. A implementa\u00e7\u00e3o deste sistema pode abrir portas para futuras expans\u00f5es e melhorias no servi\u00e7o de transporte, incluindo:<\/p>\n<ul>\n<li><strong>Cria\u00e7\u00e3o de Novas Linhas:<\/strong> Novas rotas podem surgir, buscando abranger \u00e1reas que atualmente n\u00e3o s\u00e3o atendidas, aumentando a cobertura do transporte p\u00fablico.<\/li>\n<li><strong>Integra\u00e7\u00e3o com Outros Modais:<\/strong> Espera-se que haja uma maior integra\u00e7\u00e3o com outros meios de transporte, como \u00f4nibus regionais e, possivelmente, com o sistema de trem.<\/li>\n<li><strong>Aprimoramento da Infraestrutura:<\/strong> Investimentos em infraestrutura vi\u00e1ria podem proporcionar um ambiente ainda mais seguro e eficiente para os usu\u00e1rios de transporte.<\/li>\n<\/ul>\n<p>A Circular Luzitinha n\u00e3o apenas facilita o deslocamento, mas tamb\u00e9m atua como um s\u00edmbolo de mudan\u00e7a positiva na pol\u00edtica de transporte de Santo Andr\u00e9, promovendo inclus\u00e3o e acessibilidade para todos os cidad\u00e3os.<\/p>\n\n<div style=\"font-size: 0px; height: 0px; line-height: 0px; margin: 0; padding: 0; clear: both;\"><\/div>","protected":false},"excerpt":{"rendered":"<p>Santo Andr\u00e9 apresenta a inovadora linha de \u00f4nibus Tarifa-Zero que promete transformar o transporte p\u00fablico.<\/p>\n","protected":false},"author":1,"featured_media":3778,"comment_status":"open","ping_status":"closed","sticky":false,"template":"","format":"standard","meta":{"footnotes":""},"categories":[6],"tags":[],"class_list":["post-3779","post","type-post","status-publish","format-standard","has-post-thumbnail","hentry","category-noticias-em-santo-andre","has_thumb"],"aioseo_notices":[],"_links":{"self":[{"href":"https:\/\/www.encontrasantoandre.com.br\/sobre\/wp-json\/wp\/v2\/posts\/3779","targetHints":{"allow":["GET"]}}],"collection":[{"href":"https:\/\/www.encontrasantoandre.com.br\/sobre\/wp-json\/wp\/v2\/posts"}],"about":[{"href":"https:\/\/www.encontrasantoandre.com.br\/sobre\/wp-json\/wp\/v2\/types\/post"}],"author":[{"embeddable":true,"href":"https:\/\/www.encontrasantoandre.com.br\/sobre\/wp-json\/wp\/v2\/users\/1"}],"replies":[{"embeddable":true,"href":"https:\/\/www.encontrasantoandre.com.br\/sobre\/wp-json\/wp\/v2\/comments?post=3779"}],"version-history":[{"count":0,"href":"https:\/\/www.encontrasantoandre.com.br\/sobre\/wp-json\/wp\/v2\/posts\/3779\/revisions"}],"wp:featuredmedia":[{"embeddable":true,"href":"https:\/\/www.encontrasantoandre.com.br\/sobre\/wp-json\/wp\/v2\/media\/3778"}],"wp:attachment":[{"href":"https:\/\/www.encontrasantoandre.com.br\/sobre\/wp-json\/wp\/v2\/media?parent=3779"}],"wp:term":[{"taxonomy":"category","embeddable":true,"href":"https:\/\/www.encontrasantoandre.com.br\/sobre\/wp-json\/wp\/v2\/categories?post=3779"},{"taxonomy":"post_tag","embeddable":true,"href":"https:\/\/www.encontrasantoandre.com.br\/sobre\/wp-json\/wp\/v2\/tags?post=3779"}],"curies":[{"name":"wp","href":"https:\/\/api.w.org\/{rel}","templated":true}]}}