{"id":3787,"date":"2026-05-01T13:02:03","date_gmt":"2026-05-01T15:02:03","guid":{"rendered":"https:\/\/www.encontrasantoandre.com.br\/sobre\/jovem-e-furado-com-agulha-por-desconhecida-em-avenida-de-santo-andre-sp\/"},"modified":"2026-05-01T13:02:03","modified_gmt":"2026-05-01T15:02:03","slug":"jovem-e-furado-com-agulha-por-desconhecida-em-avenida-de-santo-andre-sp","status":"publish","type":"post","link":"https:\/\/www.encontrasantoandre.com.br\/sobre\/jovem-e-furado-com-agulha-por-desconhecida-em-avenida-de-santo-andre-sp\/","title":{"rendered":"Jovem \u00e9 furado com agulha por desconhecida em avenida de Santo Andr\u00e9 (SP)"},"content":{"rendered":"<div class=\"4fdc6fbb32335ae240758d21e215a0e4\" data-index=\"1\" style=\"float: none; margin:0px;\">\n<!-- Anuncio display - global -->\r\n<ins class=\"adsbygoogle\"\r\n     style=\"display:block\"\r\n     data-ad-client=\"ca-pub-8585364105181520\"\r\n     data-ad-slot=\"8789329856\"\r\n     data-ad-format=\"auto\"\r\n     data-full-width-responsive=\"true\"><\/ins>\r\n<script>\r\n     (adsbygoogle = window.adsbygoogle || []).push({});\r\n<\/script>\n<\/div>\n<h2>Descri\u00e7\u00e3o do Incidente<\/h2>\n<p>Na \u00faltima sexta-feira, 24 de abril, um incidente inquietante ocorreu na Avenida 15 de Novembro, localizada no centro de Santo Andr\u00e9, S\u00e3o Paulo. Um jovem de 18 anos, identificado como Vitor Caetano Lima, foi atacado por uma mulher desconhecida usando uma agulha durante seu trajeto pela rua. Em seu relato, Vitor explicou que estava acompanhando dois amigos quando, em uma situa\u00e7\u00e3o inesperada, a mulher se aproximou e o atingiu com um objeto que continha uma agulha.<\/p>\n<h2>Identidade da V\u00edtima<\/h2>\n<p>Vitor Caetano Lima, a v\u00edtima do ataque, possui 18 anos e, ap\u00f3s o incidente, buscou assist\u00eancia m\u00e9dica imediatamente. Ele foi acompanhado por seus pais e recebeu atendimento em um conv\u00eanio particular, sendo encaminhado a uma Unidade de Pronto Atendimento (UPA) pr\u00f3xima para os cuidados m\u00e9dicos necess\u00e1rios. Este tipo de a\u00e7\u00e3o n\u00e3o apenas afeta f\u00edsica e emocionalmente a v\u00edtima, mas tamb\u00e9m levanta quest\u00f5es sobre a seguran\u00e7a p\u00fablica na regi\u00e3o.<\/p>\n<h2>Comportamento da Autora<\/h2>\n<p>A mulher que cometeu o ato foi descrita como uma senhora de aproximadamente 60 anos, com cerca de 1,60 metros de altura. Ela vestia roupas desgastadas, usava uma bandana na cabe\u00e7a e estava com uma m\u00e1scara cobrindo o rosto. Esse detalhe \u00e9 especialmente relevante para investiga\u00e7\u00f5es, visto que a m\u00e1scara pode ter dificultado o reconhecimento por parte da v\u00edtima, que n\u00e3o conseguiu visualizar a autora ap\u00f3s o ataque, pois ela se misturou rapidamente com as outras pessoas ao redor.<\/p>\n<p><img decoding=\"async\" src=\"https:\/\/www.encontrasantoandre.com.br\/sobre\/wp-content\/uploads\/2026\/05\/jovem-e-furado-com-agulha-por-desconhecida-em-avenida-de-santo-andre-sp.webp\" alt=\"jovem furado com agulha\" loading=\"lazy\" \/><\/p>\n<h2>Impacto na Comunidade<\/h2>\n<p>O ataque gerou preocupa\u00e7\u00e3o na comunidade local, que come\u00e7ou a discutir a seguran\u00e7a nas ruas e a necessidade de aumento nas patrulhas policiais. A sensa\u00e7\u00e3o de inseguran\u00e7a \u00e9 palp\u00e1vel, principalmente entre jovens que utilizam a avenida como um de seus principais pontos de deslocamento. O aumento de incid\u00eancias como esta pode levar a altera\u00e7\u00f5es no comportamento de circula\u00e7\u00e3o dos moradores, que come\u00e7am a evitar certos lugares em hor\u00e1rios de maior movimento.<\/p>\n<h2>Rea\u00e7\u00f5es nas Redes Sociais<\/h2>\n<p>A repercuss\u00e3o do incidente tamb\u00e9m tomou conta das redes sociais, com usu\u00e1rios expressando preocupa\u00e7\u00e3o e indigna\u00e7\u00e3o. Postagens em plataformas como Twitter e Facebook rapidamente se tornaram virais, com coment\u00e1rios de apoio \u00e0 v\u00edtima e cr\u00edticas ao aumento da viol\u00eancia nas ruas. Muitos usu\u00e1rios pediram a\u00e7\u00f5es mais rigorosas das autoridades e se mostraram solid\u00e1rios a Vitor, refletindo um desejo geral por mudan\u00e7as que garantam a seguran\u00e7a de todos.<\/p>\n<h2>Medidas de Seguran\u00e7a Tomadas<\/h2>\n<p>Como resposta, \u00f3rg\u00e3os de seguran\u00e7a p\u00fablica est\u00e3o notificando as equipes de patrulha para que redobrem a aten\u00e7\u00e3o na \u00e1rea, especialmente na Avenida 15 de Novembro. Al\u00e9m das a\u00e7\u00f5es imediatas, algumas propostas de seguran\u00e7a a longo prazo foram discutidas em reuni\u00f5es comunit\u00e1rias. Isso inclui a instala\u00e7\u00e3o de c\u00e2meras de seguran\u00e7a e uma maior presen\u00e7a policial durante os hor\u00e1rios de pico, quando o movimento de pedestres \u00e9 mais significativo.<\/p>\n<h2>Pol\u00edcia Investiga o Caso<\/h2>\n<p>A ocorr\u00eancia foi registrada no 1\u00ba Distrito Policial de Santo Andr\u00e9 e classificada como &#8220;les\u00e3o corporal&#8221;. A Pol\u00edcia Civil do Estado de S\u00e3o Paulo iniciou uma investiga\u00e7\u00e3o detalhada para tentar identificar a autora do ataque. Todos os elementos fornecidos pelo jovem e os relatos de poss\u00edveis testemunhas ser\u00e3o analisados para criar um perfil da suspeita e reunir evid\u00eancias que ajudem na resolu\u00e7\u00e3o do caso.<\/p>\n<h2>Depoimentos de Testemunhas<\/h2>\n<p>Embora Vitor tenha sido o principal testemunha, existem relatos de pedestres que estavam nas proximidades durante o incidente. Alguns afirmaram ter notado uma mulher com as caracter\u00edsticas descritas pela v\u00edtima momentos antes e depois do ataque. A coleta de depoimentos adicionais pode ser crucial, dando \u00e0 pol\u00edcia informa\u00e7\u00f5es valiosas que podem ajudar na identifica\u00e7\u00e3o da autora.<\/p>\n<h2>Poss\u00edveis Motiva\u00e7\u00f5es do Ataque<\/h2>\n<p>As motiva\u00e7\u00f5es que podem ter levado a mulher a realizar tal ato brutal ainda s\u00e3o desconhecidas, e especula\u00e7\u00f5es foram levantadas entre os moradores e nas redes sociais. Entre as teorias est\u00e3o desde problemas de sa\u00fade mental at\u00e9 uma tentativa de aplicar algum tipo de golpe ou agress\u00e3o. Entretanto, apenas a investiga\u00e7\u00e3o poder\u00e1 esclarecer o que motivou esse ataque.<\/p>\n<h2>Como se Proteger em Situa\u00e7\u00f5es Semelhantes<\/h2>\n<p>Para garantir a seguran\u00e7a pessoal em situa\u00e7\u00f5es de risco como essa, algumas medidas podem ser adotadas:<\/p>\n<ul>\n<li><strong>Mantenha a Aten\u00e7\u00e3o:<\/strong> Esteja sempre ciente do seu entorno e das pessoas ao seu redor.<\/li>\n<li><strong>Evite Distra\u00e7\u00f5es:<\/strong> Minimize o uso de dispositivos m\u00f3veis enquanto caminha em \u00e1reas movimentadas.<\/li>\n<li><strong>Viaje em Grupo:<\/strong> Sempre que poss\u00edvel, ande com amigos ou familiares, pois a companhia pode aumentar a seguran\u00e7a.<\/li>\n<li><strong>Utilize Rotas Bem Iluminadas:<\/strong> Prefira caminhos que sejam bem iluminados e movimentados.<\/li>\n<li><strong>Tenha um Plano de A\u00e7\u00e3o:<\/strong> Em caso de emerg\u00eancia, tenha sempre uma estrat\u00e9gia, como acionar a pol\u00edcia pelo telefone ou pedir ajuda a pessoas pr\u00f3ximas.<\/li>\n<\/ul>\n\n<div style=\"font-size: 0px; height: 0px; line-height: 0px; margin: 0; padding: 0; clear: both;\"><\/div>","protected":false},"excerpt":{"rendered":"<p>Um jovem em Santo Andr\u00e9 \u00e9 atacado com agulha por uma mulher desconhecida.<\/p>\n","protected":false},"author":1,"featured_media":3786,"comment_status":"open","ping_status":"closed","sticky":false,"template":"","format":"standard","meta":{"footnotes":""},"categories":[6],"tags":[],"class_list":["post-3787","post","type-post","status-publish","format-standard","has-post-thumbnail","hentry","category-noticias-em-santo-andre","has_thumb"],"aioseo_notices":[],"_links":{"self":[{"href":"https:\/\/www.encontrasantoandre.com.br\/sobre\/wp-json\/wp\/v2\/posts\/3787","targetHints":{"allow":["GET"]}}],"collection":[{"href":"https:\/\/www.encontrasantoandre.com.br\/sobre\/wp-json\/wp\/v2\/posts"}],"about":[{"href":"https:\/\/www.encontrasantoandre.com.br\/sobre\/wp-json\/wp\/v2\/types\/post"}],"author":[{"embeddable":true,"href":"https:\/\/www.encontrasantoandre.com.br\/sobre\/wp-json\/wp\/v2\/users\/1"}],"replies":[{"embeddable":true,"href":"https:\/\/www.encontrasantoandre.com.br\/sobre\/wp-json\/wp\/v2\/comments?post=3787"}],"version-history":[{"count":0,"href":"https:\/\/www.encontrasantoandre.com.br\/sobre\/wp-json\/wp\/v2\/posts\/3787\/revisions"}],"wp:featuredmedia":[{"embeddable":true,"href":"https:\/\/www.encontrasantoandre.com.br\/sobre\/wp-json\/wp\/v2\/media\/3786"}],"wp:attachment":[{"href":"https:\/\/www.encontrasantoandre.com.br\/sobre\/wp-json\/wp\/v2\/media?parent=3787"}],"wp:term":[{"taxonomy":"category","embeddable":true,"href":"https:\/\/www.encontrasantoandre.com.br\/sobre\/wp-json\/wp\/v2\/categories?post=3787"},{"taxonomy":"post_tag","embeddable":true,"href":"https:\/\/www.encontrasantoandre.com.br\/sobre\/wp-json\/wp\/v2\/tags?post=3787"}],"curies":[{"name":"wp","href":"https:\/\/api.w.org\/{rel}","templated":true}]}}