{"id":4525,"date":"2026-08-29T01:48:45","date_gmt":"2026-08-29T03:48:45","guid":{"rendered":"https:\/\/www.encontrasantoandre.com.br\/sobre\/gilvan-ferreira-ve-saf-como-novo-caminho-para-o-santo-andre-diario-do-grande-abc\/"},"modified":"2026-08-29T01:48:45","modified_gmt":"2026-08-29T03:48:45","slug":"gilvan-ferreira-ve-saf-como-novo-caminho-para-o-santo-andre-diario-do-grande-abc","status":"publish","type":"post","link":"https:\/\/www.encontrasantoandre.com.br\/sobre\/gilvan-ferreira-ve-saf-como-novo-caminho-para-o-santo-andre-diario-do-grande-abc\/","title":{"rendered":"Gilvan Ferreira v\u00ea SAF como &#8216;novo caminho&#8217; para o Santo Andr\u00e9 | Di\u00e1rio do Grande ABC"},"content":{"rendered":"<div class=\"4fdc6fbb32335ae240758d21e215a0e4\" data-index=\"1\" style=\"float: none; margin:0px;\">\n<!-- Anuncio display - global -->\r\n<ins class=\"adsbygoogle\"\r\n     style=\"display:block\"\r\n     data-ad-client=\"ca-pub-8585364105181520\"\r\n     data-ad-slot=\"8789329856\"\r\n     data-ad-format=\"auto\"\r\n     data-full-width-responsive=\"true\"><\/ins>\r\n<script>\r\n     (adsbygoogle = window.adsbygoogle || []).push({});\r\n<\/script>\n<\/div>\n<h2>Aproveitamento da SAF pelo Santo Andr\u00e9<\/h2>\n<p>A transforma\u00e7\u00e3o do Esporte Clube Santo Andr\u00e9 em uma Sociedade An\u00f4nima do Futebol (SAF) \u00e9 um passo significativo para a revitaliza\u00e7\u00e3o do clube, que busca novos horizontes e um futuro promissor. A decis\u00e3o, aprovada pelo Conselho Deliberativo, \u00e9 vista como uma resposta \u00e0s necessidades atuais do futebol profissional, permitindo que o clube se ad\u00e9que \u00e0s exig\u00eancias do mercado.<\/p>\n<p>Essa migra\u00e7\u00e3o de um modelo associativo para um modelo empresarial facilitar\u00e1 a busca por investimentos e a gest\u00e3o das finan\u00e7as da equipe, especialmente em um momento de recupera\u00e7\u00e3o como o que o Santo Andr\u00e9 enfrenta atualmente, com d\u00edvidas que somam R$ 22,5 milh\u00f5es.<\/p>\n<h2>Impactos financeiros da SAF<\/h2>\n<p>Com a implementa\u00e7\u00e3o da SAF, espera-se que o Santo Andr\u00e9 atraia novos investidores dispostos a injetar capital no clube. A holding Tatemono, envolvida na proposta, assumir\u00e1 90% do departamento de futebol, o que permitir\u00e1 a inje\u00e7\u00e3o de R$ 142 milh\u00f5es em investimentos ao longo dos pr\u00f3ximos dez anos. Isso inclui melhorias na infraestrutura, como o Centro de Treinamento, e outras \u00e1reas essenciais para o crescimento do clube no cen\u00e1rio do futebol brasileiro.<\/p>\n<p><img decoding=\"async\" src=\"https:\/\/www.encontrasantoandre.com.br\/sobre\/wp-content\/uploads\/2026\/08\/gilvan-ferreira-ve-saf-como-novo-caminho-para-o-santo-andre-diario-do-grande-abc.webp\" alt=\"SAF Santo Andr\u00e9\" loading=\"lazy\" \/><\/p>\n<p>Al\u00e9m disso, com a transforma\u00e7\u00e3o em SAF, a renegocia\u00e7\u00e3o das d\u00edvidas torna-se uma prioridade, uma vez que a nova estrutura permitir\u00e1 uma maior flexibilidade financeira. O foco em um modelo de gest\u00e3o profissional poder\u00e1 resultar em uma maior capacidade de capta\u00e7\u00e3o de recursos e um direcionamento estrat\u00e9gico mais claro.<\/p>\n<h2>Expectativas para o futebol paulista<\/h2>\n<p>A movimenta\u00e7\u00e3o do Santo Andr\u00e9 para se tornar uma SAF ocorre em um contexto maior de mudan\u00e7a no futebol paulista. Clubes como Botafogo-SP e Portuguesa j\u00e1 trilharam esse caminho, demonstrando que a ado\u00e7\u00e3o desse modelo pode ser um diferencial competitivo importante. O munic\u00edpio e seus torcedores esperam que essa transi\u00e7\u00e3o permita ao Ramalh\u00e3o recuperar a posi\u00e7\u00e3o de destaque que ocupa na hist\u00f3ria do esporte regional.<\/p>\n<p>As expectativas s\u00e3o de que a nova gest\u00e3o, com uma vis\u00e3o mais focada em resultados e desenvolvimento, traga de volta os antigos grandes momentos do clube, como suas campanhas bem-sucedidas nas divis\u00f5es do futebol nacional.<\/p>\n<h2>Modelo SAF em outros clubes<\/h2>\n<p>O modelo SAF n\u00e3o \u00e9 novidade no Brasil, com v\u00e1rios clubes j\u00e1 implementando essa mudan\u00e7a e obtendo retornos positivos. Por exemplo, a Ferrovi\u00e1ria e o Juventus da Mooca s\u00e3o alguns dos clubes que t\u00eam conseguido estabilizar suas finan\u00e7as e melhorar suas performances em campo ap\u00f3s a ades\u00e3o ao sistema.<\/p>\n<p>A experi\u00eancia de outros clubes que optaram pela SAF \u00e9 um indicativo de que, com a gest\u00e3o correta e s\u00f3lida, \u00e9 poss\u00edvel n\u00e3o s\u00f3 manter as necessidades financeiras em dia, mas tamb\u00e9m investir em talentos e infraestrutura, elevando o patamar do time na competi\u00e7\u00e3o.<\/p>\n<h2>A vis\u00e3o de Gilvan Ferreira<\/h2>\n<p>Gilvan Ferreira, o prefeito de Santo Andr\u00e9, expressou otimismo em rela\u00e7\u00e3o \u00e0 nova fase do clube. Ele afirmou que a aprova\u00e7\u00e3o un\u00e2nime da proposta pelo Conselho reflete uma vis\u00e3o renovada. Ferreira enfatizou a import\u00e2ncia do Ramalh\u00e3o para a identidade da cidade e manifestou sua expectativa de que essa transforma\u00e7\u00e3o traga de volta a competitividade do clube no cen\u00e1rio do futebol paulista e nacional.<\/p>\n<p>\u201cAprovamos essa mudan\u00e7a com o intuito de buscar um futuro mais promissor para o Santo Andr\u00e9. Acreditamos que com o novo modelo, o clube ir\u00e1 se reerguer e resgatar sua hist\u00f3ria no futebol\u201d, disse Ferreira.<\/p>\n<h2>O papel dos torcedores na mudan\u00e7a<\/h2>\n<p>Os torcedores sempre desempenharam um papel essencial no destino dos clubes de futebol, e a transi\u00e7\u00e3o para o modelo SAF n\u00e3o \u00e9 diferente. O apoio da base de f\u00e3s \u00e9 crucial para o sucesso do projeto, j\u00e1 que o engajamento dos torcedores pode ajudar a impulsionar tanto a venda de ingressos quanto a ades\u00e3o a programas de s\u00f3cios. Esse ciclo de apoio \u00e9 ainda mais importante em tempos de reestrutura\u00e7\u00e3o.<\/p>\n<p>O feedback e a participa\u00e7\u00e3o ativa dos torcedores nas decis\u00f5es do clube, atrav\u00e9s de assembleias e vota\u00e7\u00f5es, garantir\u00e3o que a nova gest\u00e3o permane\u00e7a conectada \u00e0s expectativas e \u00e0s necessidades da comunidade. A transpar\u00eancia nas a\u00e7\u00f5es do clube ser\u00e1 vital para construir e manter a confian\u00e7a dos f\u00e3s.<\/p>\n<h2>Reestrutura\u00e7\u00e3o do departamento de futebol<\/h2>\n<p>A reestrutura\u00e7\u00e3o do departamento de futebol \u00e9 um dos passos mais cr\u00edticos ap\u00f3s a ado\u00e7\u00e3o do modelo SAF. Essa mudan\u00e7a n\u00e3o diz respeito apenas \u00e0 administra\u00e7\u00e3o financeira, mas tamb\u00e9m se estende aos aspectos t\u00e9cnicos, como a forma\u00e7\u00e3o de uma equipe profissional competitiva. A nova administra\u00e7\u00e3o ter\u00e1 a responsabilidade de identificar e contratar profissionais capacitados, bem como estabelecer uma base s\u00f3lida para o desenvolvimento de jovens talentos.<\/p>\n<p>Al\u00e9m disso, o investimento em tecnologia e an\u00e1lise de dados poder\u00e1 facilitar a tomada de decis\u00f5es dentro e fora de campo, auxiliando na montagem de um elenco que atenda \u00e0s exig\u00eancias do futebol moderno. A forma\u00e7\u00e3o de parcerias com clubes e academias pode ser uma estrat\u00e9gia adicional para melhorar a capta\u00e7\u00e3o de jogadores.<\/p>\n<h2>Desafios da nova estrutura<\/h2>\n<p>A transforma\u00e7\u00e3o em SAF representa vantagens, mas tamb\u00e9m apresenta uma s\u00e9rie de desafios que o Santo Andr\u00e9 precisar\u00e1 enfrentar. A adapta\u00e7\u00e3o a uma nova forma de gest\u00e3o exigir\u00e1 aprendizado e preparo por parte da nova diretoria e da equipe t\u00e9cnica.<\/p>\n<p>Um dos maiores desafios ser\u00e1 a gest\u00e3o das expectativas dos torcedores, que podem ser altas, dado o hist\u00f3rico do clube. A necessidade de resultados, aliada a uma situa\u00e7\u00e3o financeira delicada, pode criar um cen\u00e1rio de press\u00e3o. Portanto, ser\u00e1 fundamental gerenciar essa press\u00e3o e estabelecer metas realistas enquanto se trabalha em dire\u00e7\u00e3o a objetivos de longo prazo.<\/p>\n<h2>Benef\u00edcios esperados para a comunidade<\/h2>\n<p>Os benef\u00edcios de uma estrutura de SAF n\u00e3o se limitam apenas ao campo esportivo e financeiro. A transforma\u00e7\u00e3o pode resultar em uma maior integra\u00e7\u00e3o do clube com a comunidade local, promovendo a\u00e7\u00f5es sociais e programas que envolvam a participa\u00e7\u00e3o dos moradores de Santo Andr\u00e9.<\/p>\n<p>Uma gest\u00e3o mais corporativa pode tamb\u00e9m fomentar parcerias com empresas locais, aumentando a visibilidade e o emprego na regi\u00e3o. Eventos, patroc\u00ednios e a\u00e7\u00f5es em conjunto poder\u00e3o gerar maior envolvimento entre o Santo Andr\u00e9 e a cidade, retornando assim \u00e0 comunidade parte do investimento realizado.<\/p>\n<h2>Futuro do Ramalh\u00e3o sob a SAF<\/h2>\n<p>O futuro do Ramalh\u00e3o \u00e9 promissor sob o modelo SAF, com a expectativa de que a equipe se reinserte nos principais campeonatos do Brasil. Espera-se que, ao adotar uma abordagem profissional e sustentada, o Santo Andr\u00e9 possa voltar a ser um s\u00edmbolo de orgulho para a cidade e seus torcedores. Grandes clubes que fizeram a transi\u00e7\u00e3o bem-sucedida para a SAF mostram que, com uma estrat\u00e9gia eficaz, \u00e9 poss\u00edvel transformar desafios em oportunidades.<\/p>\n<p>Por fim, a nova era do Santo Andr\u00e9 pode significar n\u00e3o apenas a recupera\u00e7\u00e3o de um clube, mas tamb\u00e9m o fortalecimento de toda uma comunidade em torno de sua equipe. Os passos dados agora podem servir como fundamento para um renascimento que revele o potencial do Ramalh\u00e3o mais uma vez no cen\u00e1rio nacional.<\/p>\n\n<div style=\"font-size: 0px; height: 0px; line-height: 0px; margin: 0; padding: 0; clear: both;\"><\/div>","protected":false},"excerpt":{"rendered":"<p>Gilvan Ferreira v\u00ea na SAF uma chance de resgatar o Santo Andr\u00e9.<\/p>\n","protected":false},"author":1,"featured_media":4524,"comment_status":"open","ping_status":"closed","sticky":false,"template":"","format":"standard","meta":{"footnotes":""},"categories":[6],"tags":[],"class_list":["post-4525","post","type-post","status-publish","format-standard","has-post-thumbnail","hentry","category-noticias-em-santo-andre","has_thumb"],"aioseo_notices":[],"aioseo_head":"\n\t\t<!-- All in One SEO 5.0.0.1 - aioseo.com -->\n\t<meta name=\"description\" content=\"Gilvan Ferreira v\u00ea na SAF uma chance de resgatar o Santo Andr\u00e9.\" \/>\n\t<meta name=\"robots\" content=\"max-image-preview:large\" \/>\n\t<meta name=\"author\" content=\"Encontra Santo Andr\u00e9\"\/>\n\t<link rel=\"canonical\" href=\"https:\/\/www.encontrasantoandre.com.br\/sobre\/gilvan-ferreira-ve-saf-como-novo-caminho-para-o-santo-andre-diario-do-grande-abc\/\" \/>\n\t<meta name=\"generator\" content=\"All in One SEO (AIOSEO) 5.0.0.1\" \/>\n\t\t<meta property=\"og:locale\" content=\"pt_BR\" \/>\n\t\t<meta property=\"og:site_name\" content=\"Encontra Santo Andr\u00e9 | Not\u00edcias, eventos, informa\u00e7\u00f5es e dicas na cidade de Santo Andr\u00e9 e regi\u00e3o\" \/>\n\t\t<meta property=\"og:type\" content=\"article\" \/>\n\t\t<meta property=\"og:title\" content=\"Gilvan Ferreira v\u00ea SAF como \u2018novo caminho\u2019 para o Santo Andr\u00e9 | Di\u00e1rio do Grande ABC | Encontra Santo Andr\u00e9\" \/>\n\t\t<meta property=\"og:description\" content=\"Gilvan Ferreira v\u00ea na SAF uma chance de resgatar o Santo Andr\u00e9.\" \/>\n\t\t<meta property=\"og:url\" content=\"https:\/\/www.encontrasantoandre.com.br\/sobre\/gilvan-ferreira-ve-saf-como-novo-caminho-para-o-santo-andre-diario-do-grande-abc\/\" \/>\n\t\t<meta property=\"article:published_time\" content=\"2026-08-29T03:48:45+00:00\" \/>\n\t\t<meta property=\"article:modified_time\" content=\"2026-08-29T03:48:45+00:00\" \/>\n\t\t<meta name=\"twitter:card\" content=\"summary\" \/>\n\t\t<meta name=\"twitter:title\" content=\"Gilvan Ferreira v\u00ea SAF como \u2018novo caminho\u2019 para o Santo Andr\u00e9 | Di\u00e1rio do Grande ABC | Encontra Santo Andr\u00e9\" \/>\n\t\t<meta name=\"twitter:description\" content=\"Gilvan Ferreira v\u00ea na SAF uma chance de resgatar o Santo Andr\u00e9.\" \/>\n\t\t<script type=\"application\/ld+json\" class=\"aioseo-schema\">\n\t\t\t{\"@context\":\"https:\\\/\\\/schema.org\",\"@graph\":[{\"@type\":\"Article\",\"@id\":\"https:\\\/\\\/www.encontrasantoandre.com.br\\\/sobre\\\/gilvan-ferreira-ve-saf-como-novo-caminho-para-o-santo-andre-diario-do-grande-abc\\\/#article\",\"name\":\"Gilvan Ferreira v\\u00ea SAF como \\u2018novo caminho\\u2019 para o Santo Andr\\u00e9 | Di\\u00e1rio do Grande ABC | Encontra Santo Andr\\u00e9\",\"headline\":\"Gilvan Ferreira v\\u00ea SAF como &#8216;novo caminho&#8217; para o Santo Andr\\u00e9 | Di\\u00e1rio do Grande ABC\",\"author\":{\"@id\":\"https:\\\/\\\/www.encontrasantoandre.com.br\\\/sobre\\\/author\\\/esantoandre\\\/#author\"},\"publisher\":{\"@id\":\"https:\\\/\\\/www.encontrasantoandre.com.br\\\/sobre\\\/#organization\"},\"image\":{\"@type\":\"ImageObject\",\"url\":\"https:\\\/\\\/www.encontrasantoandre.com.br\\\/sobre\\\/wp-content\\\/uploads\\\/2026\\\/08\\\/gilvan-ferreira-ve-saf-como-novo-caminho-para-o-santo-andre-diario-do-grande-abc.webp\",\"width\":280,\"height\":280,\"caption\":\"SAF Santo Andr\\u00e9\"},\"datePublished\":\"2026-08-29T01:48:45-02:00\",\"dateModified\":\"2026-08-29T01:48:45-02:00\",\"inLanguage\":\"pt-BR\",\"mainEntityOfPage\":{\"@id\":\"https:\\\/\\\/www.encontrasantoandre.com.br\\\/sobre\\\/gilvan-ferreira-ve-saf-como-novo-caminho-para-o-santo-andre-diario-do-grande-abc\\\/#webpage\"},\"isPartOf\":{\"@id\":\"https:\\\/\\\/www.encontrasantoandre.com.br\\\/sobre\\\/gilvan-ferreira-ve-saf-como-novo-caminho-para-o-santo-andre-diario-do-grande-abc\\\/#webpage\"},\"articleSection\":\"Not\\u00edcias Santo Andr\\u00e9\"},{\"@type\":\"BreadcrumbList\",\"@id\":\"https:\\\/\\\/www.encontrasantoandre.com.br\\\/sobre\\\/gilvan-ferreira-ve-saf-como-novo-caminho-para-o-santo-andre-diario-do-grande-abc\\\/#breadcrumblist\",\"itemListElement\":[{\"@type\":\"ListItem\",\"@id\":\"https:\\\/\\\/www.encontrasantoandre.com.br\\\/sobre#listItem\",\"position\":1,\"name\":\"In\\u00edcio\",\"item\":\"https:\\\/\\\/www.encontrasantoandre.com.br\\\/sobre\",\"nextItem\":{\"@type\":\"ListItem\",\"@id\":\"https:\\\/\\\/www.encontrasantoandre.com.br\\\/sobre\\\/noticias-em-santo-andre\\\/#listItem\",\"name\":\"Not\\u00edcias Santo Andr\\u00e9\"}},{\"@type\":\"ListItem\",\"@id\":\"https:\\\/\\\/www.encontrasantoandre.com.br\\\/sobre\\\/noticias-em-santo-andre\\\/#listItem\",\"position\":2,\"name\":\"Not\\u00edcias Santo Andr\\u00e9\",\"item\":\"https:\\\/\\\/www.encontrasantoandre.com.br\\\/sobre\\\/noticias-em-santo-andre\\\/\",\"nextItem\":{\"@type\":\"ListItem\",\"@id\":\"https:\\\/\\\/www.encontrasantoandre.com.br\\\/sobre\\\/gilvan-ferreira-ve-saf-como-novo-caminho-para-o-santo-andre-diario-do-grande-abc\\\/#listItem\",\"name\":\"Gilvan Ferreira v\\u00ea SAF como &#8216;novo caminho&#8217; para o Santo Andr\\u00e9 | Di\\u00e1rio do Grande ABC\"},\"previousItem\":{\"@type\":\"ListItem\",\"@id\":\"https:\\\/\\\/www.encontrasantoandre.com.br\\\/sobre#listItem\",\"name\":\"In\\u00edcio\"}},{\"@type\":\"ListItem\",\"@id\":\"https:\\\/\\\/www.encontrasantoandre.com.br\\\/sobre\\\/gilvan-ferreira-ve-saf-como-novo-caminho-para-o-santo-andre-diario-do-grande-abc\\\/#listItem\",\"position\":3,\"name\":\"Gilvan Ferreira v\\u00ea SAF como &#8216;novo caminho&#8217; para o Santo Andr\\u00e9 | Di\\u00e1rio do Grande ABC\",\"previousItem\":{\"@type\":\"ListItem\",\"@id\":\"https:\\\/\\\/www.encontrasantoandre.com.br\\\/sobre\\\/noticias-em-santo-andre\\\/#listItem\",\"name\":\"Not\\u00edcias Santo Andr\\u00e9\"}}]},{\"@type\":\"Organization\",\"@id\":\"https:\\\/\\\/www.encontrasantoandre.com.br\\\/sobre\\\/#organization\",\"name\":\"Encontra Santo Andr\\u00e9\",\"description\":\"Not\\u00edcias, eventos, informa\\u00e7\\u00f5es e dicas na cidade de Santo Andr\\u00e9 e regi\\u00e3o\",\"url\":\"https:\\\/\\\/www.encontrasantoandre.com.br\\\/sobre\\\/\"},{\"@type\":\"Person\",\"@id\":\"https:\\\/\\\/www.encontrasantoandre.com.br\\\/sobre\\\/author\\\/esantoandre\\\/#author\",\"url\":\"https:\\\/\\\/www.encontrasantoandre.com.br\\\/sobre\\\/author\\\/esantoandre\\\/\",\"name\":\"Encontra Santo Andr\\u00e9\",\"image\":{\"@type\":\"ImageObject\",\"@id\":\"https:\\\/\\\/www.encontrasantoandre.com.br\\\/sobre\\\/gilvan-ferreira-ve-saf-como-novo-caminho-para-o-santo-andre-diario-do-grande-abc\\\/#authorImage\",\"url\":\"https:\\\/\\\/secure.gravatar.com\\\/avatar\\\/507340682b8270222e1f208e23198b6ae7e2c6a1033ae84e99bc6bce4f82a387?s=96&d=mm&r=g\",\"width\":96,\"height\":96,\"caption\":\"Encontra Santo Andr\\u00e9\"}},{\"@type\":\"WebPage\",\"@id\":\"https:\\\/\\\/www.encontrasantoandre.com.br\\\/sobre\\\/gilvan-ferreira-ve-saf-como-novo-caminho-para-o-santo-andre-diario-do-grande-abc\\\/#webpage\",\"url\":\"https:\\\/\\\/www.encontrasantoandre.com.br\\\/sobre\\\/gilvan-ferreira-ve-saf-como-novo-caminho-para-o-santo-andre-diario-do-grande-abc\\\/\",\"name\":\"Gilvan Ferreira v\\u00ea SAF como \\u2018novo caminho\\u2019 para o Santo Andr\\u00e9 | Di\\u00e1rio do Grande ABC | Encontra Santo Andr\\u00e9\",\"description\":\"Gilvan Ferreira v\\u00ea na SAF uma chance de resgatar o Santo Andr\\u00e9.\",\"inLanguage\":\"pt-BR\",\"isPartOf\":{\"@id\":\"https:\\\/\\\/www.encontrasantoandre.com.br\\\/sobre\\\/#website\"},\"breadcrumb\":{\"@id\":\"https:\\\/\\\/www.encontrasantoandre.com.br\\\/sobre\\\/gilvan-ferreira-ve-saf-como-novo-caminho-para-o-santo-andre-diario-do-grande-abc\\\/#breadcrumblist\"},\"author\":{\"@id\":\"https:\\\/\\\/www.encontrasantoandre.com.br\\\/sobre\\\/author\\\/esantoandre\\\/#author\"},\"creator\":{\"@id\":\"https:\\\/\\\/www.encontrasantoandre.com.br\\\/sobre\\\/author\\\/esantoandre\\\/#author\"},\"image\":{\"@type\":\"ImageObject\",\"url\":\"https:\\\/\\\/www.encontrasantoandre.com.br\\\/sobre\\\/wp-content\\\/uploads\\\/2026\\\/08\\\/gilvan-ferreira-ve-saf-como-novo-caminho-para-o-santo-andre-diario-do-grande-abc.webp\",\"@id\":\"https:\\\/\\\/www.encontrasantoandre.com.br\\\/sobre\\\/gilvan-ferreira-ve-saf-como-novo-caminho-para-o-santo-andre-diario-do-grande-abc\\\/#mainImage\",\"width\":280,\"height\":280,\"caption\":\"SAF Santo Andr\\u00e9\"},\"primaryImageOfPage\":{\"@id\":\"https:\\\/\\\/www.encontrasantoandre.com.br\\\/sobre\\\/gilvan-ferreira-ve-saf-como-novo-caminho-para-o-santo-andre-diario-do-grande-abc\\\/#mainImage\"},\"datePublished\":\"2026-08-29T01:48:45-02:00\",\"dateModified\":\"2026-08-29T01:48:45-02:00\"},{\"@type\":\"WebSite\",\"@id\":\"https:\\\/\\\/www.encontrasantoandre.com.br\\\/sobre\\\/#website\",\"url\":\"https:\\\/\\\/www.encontrasantoandre.com.br\\\/sobre\\\/\",\"name\":\"Encontra Santo Andr\\u00e9\",\"description\":\"Not\\u00edcias, eventos, informa\\u00e7\\u00f5es e dicas na cidade de Santo Andr\\u00e9 e regi\\u00e3o\",\"inLanguage\":\"pt-BR\",\"publisher\":{\"@id\":\"https:\\\/\\\/www.encontrasantoandre.com.br\\\/sobre\\\/#organization\"}}]}\n\t\t<\/script>\n\t\t<!-- All in One SEO -->\n\n","aioseo_head_json":{"title":"Gilvan Ferreira v\u00ea SAF como \u2018novo caminho\u2019 para o Santo Andr\u00e9 | Di\u00e1rio do Grande ABC | Encontra Santo Andr\u00e9","description":"Gilvan Ferreira v\u00ea na SAF uma chance de resgatar o Santo Andr\u00e9.","canonical_url":"https:\/\/www.encontrasantoandre.com.br\/sobre\/gilvan-ferreira-ve-saf-como-novo-caminho-para-o-santo-andre-diario-do-grande-abc\/","robots":"max-image-preview:large","keywords":"","webmasterTools":{"miscellaneous":""},"schema":{"@context":"https:\/\/schema.org","@graph":[{"@type":"Article","@id":"https:\/\/www.encontrasantoandre.com.br\/sobre\/gilvan-ferreira-ve-saf-como-novo-caminho-para-o-santo-andre-diario-do-grande-abc\/#article","name":"Gilvan Ferreira v\u00ea SAF como \u2018novo caminho\u2019 para o Santo Andr\u00e9 | Di\u00e1rio do Grande ABC | Encontra Santo Andr\u00e9","headline":"Gilvan Ferreira v\u00ea SAF como &#8216;novo caminho&#8217; para o Santo Andr\u00e9 | Di\u00e1rio do Grande ABC","author":{"@id":"https:\/\/www.encontrasantoandre.com.br\/sobre\/author\/esantoandre\/#author"},"publisher":{"@id":"https:\/\/www.encontrasantoandre.com.br\/sobre\/#organization"},"image":{"@type":"ImageObject","url":"https:\/\/www.encontrasantoandre.com.br\/sobre\/wp-content\/uploads\/2026\/08\/gilvan-ferreira-ve-saf-como-novo-caminho-para-o-santo-andre-diario-do-grande-abc.webp","width":280,"height":280,"caption":"SAF Santo Andr\u00e9"},"datePublished":"2026-08-29T01:48:45-02:00","dateModified":"2026-08-29T01:48:45-02:00","inLanguage":"pt-BR","mainEntityOfPage":{"@id":"https:\/\/www.encontrasantoandre.com.br\/sobre\/gilvan-ferreira-ve-saf-como-novo-caminho-para-o-santo-andre-diario-do-grande-abc\/#webpage"},"isPartOf":{"@id":"https:\/\/www.encontrasantoandre.com.br\/sobre\/gilvan-ferreira-ve-saf-como-novo-caminho-para-o-santo-andre-diario-do-grande-abc\/#webpage"},"articleSection":"Not\u00edcias Santo Andr\u00e9"},{"@type":"BreadcrumbList","@id":"https:\/\/www.encontrasantoandre.com.br\/sobre\/gilvan-ferreira-ve-saf-como-novo-caminho-para-o-santo-andre-diario-do-grande-abc\/#breadcrumblist","itemListElement":[{"@type":"ListItem","@id":"https:\/\/www.encontrasantoandre.com.br\/sobre#listItem","position":1,"name":"In\u00edcio","item":"https:\/\/www.encontrasantoandre.com.br\/sobre","nextItem":{"@type":"ListItem","@id":"https:\/\/www.encontrasantoandre.com.br\/sobre\/noticias-em-santo-andre\/#listItem","name":"Not\u00edcias Santo Andr\u00e9"}},{"@type":"ListItem","@id":"https:\/\/www.encontrasantoandre.com.br\/sobre\/noticias-em-santo-andre\/#listItem","position":2,"name":"Not\u00edcias Santo Andr\u00e9","item":"https:\/\/www.encontrasantoandre.com.br\/sobre\/noticias-em-santo-andre\/","nextItem":{"@type":"ListItem","@id":"https:\/\/www.encontrasantoandre.com.br\/sobre\/gilvan-ferreira-ve-saf-como-novo-caminho-para-o-santo-andre-diario-do-grande-abc\/#listItem","name":"Gilvan Ferreira v\u00ea SAF como &#8216;novo caminho&#8217; para o Santo Andr\u00e9 | Di\u00e1rio do Grande ABC"},"previousItem":{"@type":"ListItem","@id":"https:\/\/www.encontrasantoandre.com.br\/sobre#listItem","name":"In\u00edcio"}},{"@type":"ListItem","@id":"https:\/\/www.encontrasantoandre.com.br\/sobre\/gilvan-ferreira-ve-saf-como-novo-caminho-para-o-santo-andre-diario-do-grande-abc\/#listItem","position":3,"name":"Gilvan Ferreira v\u00ea SAF como &#8216;novo caminho&#8217; para o Santo Andr\u00e9 | Di\u00e1rio do Grande ABC","previousItem":{"@type":"ListItem","@id":"https:\/\/www.encontrasantoandre.com.br\/sobre\/noticias-em-santo-andre\/#listItem","name":"Not\u00edcias Santo Andr\u00e9"}}]},{"@type":"Organization","@id":"https:\/\/www.encontrasantoandre.com.br\/sobre\/#organization","name":"Encontra Santo Andr\u00e9","description":"Not\u00edcias, eventos, informa\u00e7\u00f5es e dicas na cidade de Santo Andr\u00e9 e regi\u00e3o","url":"https:\/\/www.encontrasantoandre.com.br\/sobre\/"},{"@type":"Person","@id":"https:\/\/www.encontrasantoandre.com.br\/sobre\/author\/esantoandre\/#author","url":"https:\/\/www.encontrasantoandre.com.br\/sobre\/author\/esantoandre\/","name":"Encontra Santo Andr\u00e9","image":{"@type":"ImageObject","@id":"https:\/\/www.encontrasantoandre.com.br\/sobre\/gilvan-ferreira-ve-saf-como-novo-caminho-para-o-santo-andre-diario-do-grande-abc\/#authorImage","url":"https:\/\/secure.gravatar.com\/avatar\/507340682b8270222e1f208e23198b6ae7e2c6a1033ae84e99bc6bce4f82a387?s=96&d=mm&r=g","width":96,"height":96,"caption":"Encontra Santo Andr\u00e9"}},{"@type":"WebPage","@id":"https:\/\/www.encontrasantoandre.com.br\/sobre\/gilvan-ferreira-ve-saf-como-novo-caminho-para-o-santo-andre-diario-do-grande-abc\/#webpage","url":"https:\/\/www.encontrasantoandre.com.br\/sobre\/gilvan-ferreira-ve-saf-como-novo-caminho-para-o-santo-andre-diario-do-grande-abc\/","name":"Gilvan Ferreira v\u00ea SAF como \u2018novo caminho\u2019 para o Santo Andr\u00e9 | Di\u00e1rio do Grande ABC | Encontra Santo Andr\u00e9","description":"Gilvan Ferreira v\u00ea na SAF uma chance de resgatar o Santo Andr\u00e9.","inLanguage":"pt-BR","isPartOf":{"@id":"https:\/\/www.encontrasantoandre.com.br\/sobre\/#website"},"breadcrumb":{"@id":"https:\/\/www.encontrasantoandre.com.br\/sobre\/gilvan-ferreira-ve-saf-como-novo-caminho-para-o-santo-andre-diario-do-grande-abc\/#breadcrumblist"},"author":{"@id":"https:\/\/www.encontrasantoandre.com.br\/sobre\/author\/esantoandre\/#author"},"creator":{"@id":"https:\/\/www.encontrasantoandre.com.br\/sobre\/author\/esantoandre\/#author"},"image":{"@type":"ImageObject","url":"https:\/\/www.encontrasantoandre.com.br\/sobre\/wp-content\/uploads\/2026\/08\/gilvan-ferreira-ve-saf-como-novo-caminho-para-o-santo-andre-diario-do-grande-abc.webp","@id":"https:\/\/www.encontrasantoandre.com.br\/sobre\/gilvan-ferreira-ve-saf-como-novo-caminho-para-o-santo-andre-diario-do-grande-abc\/#mainImage","width":280,"height":280,"caption":"SAF Santo Andr\u00e9"},"primaryImageOfPage":{"@id":"https:\/\/www.encontrasantoandre.com.br\/sobre\/gilvan-ferreira-ve-saf-como-novo-caminho-para-o-santo-andre-diario-do-grande-abc\/#mainImage"},"datePublished":"2026-08-29T01:48:45-02:00","dateModified":"2026-08-29T01:48:45-02:00"},{"@type":"WebSite","@id":"https:\/\/www.encontrasantoandre.com.br\/sobre\/#website","url":"https:\/\/www.encontrasantoandre.com.br\/sobre\/","name":"Encontra Santo Andr\u00e9","description":"Not\u00edcias, eventos, informa\u00e7\u00f5es e dicas na cidade de Santo Andr\u00e9 e regi\u00e3o","inLanguage":"pt-BR","publisher":{"@id":"https:\/\/www.encontrasantoandre.com.br\/sobre\/#organization"}}]},"og:locale":"pt_BR","og:site_name":"Encontra Santo Andr\u00e9 | Not\u00edcias, eventos, informa\u00e7\u00f5es e dicas na cidade de Santo Andr\u00e9 e regi\u00e3o","og:type":"article","og:title":"Gilvan Ferreira v\u00ea SAF como \u2018novo caminho\u2019 para o Santo Andr\u00e9 | Di\u00e1rio do Grande ABC | Encontra Santo Andr\u00e9","og:description":"Gilvan Ferreira v\u00ea na SAF uma chance de resgatar o Santo Andr\u00e9.","og:url":"https:\/\/www.encontrasantoandre.com.br\/sobre\/gilvan-ferreira-ve-saf-como-novo-caminho-para-o-santo-andre-diario-do-grande-abc\/","article:published_time":"2026-08-29T03:48:45+00:00","article:modified_time":"2026-08-29T03:48:45+00:00","twitter:card":"summary","twitter:title":"Gilvan Ferreira v\u00ea SAF como \u2018novo caminho\u2019 para o Santo Andr\u00e9 | Di\u00e1rio do Grande ABC | Encontra Santo Andr\u00e9","twitter:description":"Gilvan Ferreira v\u00ea na SAF uma chance de resgatar o Santo Andr\u00e9."},"aioseo_meta_data":{"post_id":"4525","title":null,"description":null,"keywords":null,"keyphrases":null,"primary_term":null,"canonical_url":null,"og_title":null,"og_description":null,"og_object_type":"default","og_image_type":"default","og_image_url":null,"og_image_width":null,"og_image_height":null,"og_image_custom_url":null,"og_image_custom_fields":null,"og_video":null,"og_custom_url":null,"og_article_section":null,"og_article_tags":null,"twitter_use_og":false,"twitter_card":"default","twitter_image_type":"default","twitter_image_url":null,"twitter_image_custom_url":null,"twitter_image_custom_fields":null,"twitter_title":null,"twitter_description":null,"schema":{"blockGraphs":[],"customGraphs":[],"default":{"data":{"Article":[],"Course":[],"Dataset":[],"FAQPage":[],"Movie":[],"Person":[],"Product":[],"ProductReview":[],"Car":[],"Recipe":[],"Service":[],"SoftwareApplication":[],"WebPage":[]},"graphName":"Article","isEnabled":true},"graphs":[]},"schema_type":"default","schema_type_options":null,"pillar_content":false,"robots_default":true,"robots_noindex":false,"robots_noarchive":false,"robots_nosnippet":false,"robots_nofollow":false,"robots_noimageindex":false,"robots_noodp":false,"robots_notranslate":false,"robots_max_snippet":null,"robots_max_videopreview":null,"robots_max_imagepreview":"large","priority":null,"frequency":null,"local_seo":null,"breadcrumb_settings":null,"limit_modified_date":false,"ai":null,"created":"2026-08-29 03:48:46","updated":"2026-08-29 04:46:14","focus_keyword":null,"additional_keywords":null,"truseo_locale":null,"seo_analyzer_scan_date":null},"aioseo_breadcrumb":"<div class=\"aioseo-breadcrumbs\"><span class=\"aioseo-breadcrumb\">\n\t\t\t<a href=\"https:\/\/www.encontrasantoandre.com.br\/sobre\" title=\"In\u00edcio\">In\u00edcio<\/a>\n\t\t<\/span><span class=\"aioseo-breadcrumb-separator\">&raquo;<\/span><span class=\"aioseo-breadcrumb\">\n\t\t\t<a href=\"https:\/\/www.encontrasantoandre.com.br\/sobre\/noticias-em-santo-andre\/\" title=\"Not\u00edcias Santo Andr\u00e9\">Not\u00edcias Santo Andr\u00e9<\/a>\n\t\t<\/span><span class=\"aioseo-breadcrumb-separator\">&raquo;<\/span><span class=\"aioseo-breadcrumb\">\n\t\t\tGilvan Ferreira v\u00ea SAF como \u2018novo caminho\u2019 para o Santo Andr\u00e9 | Di\u00e1rio do Grande ABC\n\t\t<\/span><\/div>","aioseo_breadcrumb_json":[{"label":"In\u00edcio","link":"https:\/\/www.encontrasantoandre.com.br\/sobre"},{"label":"Not\u00edcias Santo Andr\u00e9","link":"https:\/\/www.encontrasantoandre.com.br\/sobre\/noticias-em-santo-andre\/"},{"label":"Gilvan Ferreira v\u00ea SAF como &#8216;novo caminho&#8217; para o Santo Andr\u00e9 | Di\u00e1rio do Grande ABC","link":"https:\/\/www.encontrasantoandre.com.br\/sobre\/gilvan-ferreira-ve-saf-como-novo-caminho-para-o-santo-andre-diario-do-grande-abc\/"}],"_links":{"self":[{"href":"https:\/\/www.encontrasantoandre.com.br\/sobre\/wp-json\/wp\/v2\/posts\/4525","targetHints":{"allow":["GET"]}}],"collection":[{"href":"https:\/\/www.encontrasantoandre.com.br\/sobre\/wp-json\/wp\/v2\/posts"}],"about":[{"href":"https:\/\/www.encontrasantoandre.com.br\/sobre\/wp-json\/wp\/v2\/types\/post"}],"author":[{"embeddable":true,"href":"https:\/\/www.encontrasantoandre.com.br\/sobre\/wp-json\/wp\/v2\/users\/1"}],"replies":[{"embeddable":true,"href":"https:\/\/www.encontrasantoandre.com.br\/sobre\/wp-json\/wp\/v2\/comments?post=4525"}],"version-history":[{"count":0,"href":"https:\/\/www.encontrasantoandre.com.br\/sobre\/wp-json\/wp\/v2\/posts\/4525\/revisions"}],"wp:featuredmedia":[{"embeddable":true,"href":"https:\/\/www.encontrasantoandre.com.br\/sobre\/wp-json\/wp\/v2\/media\/4524"}],"wp:attachment":[{"href":"https:\/\/www.encontrasantoandre.com.br\/sobre\/wp-json\/wp\/v2\/media?parent=4525"}],"wp:term":[{"taxonomy":"category","embeddable":true,"href":"https:\/\/www.encontrasantoandre.com.br\/sobre\/wp-json\/wp\/v2\/categories?post=4525"},{"taxonomy":"post_tag","embeddable":true,"href":"https:\/\/www.encontrasantoandre.com.br\/sobre\/wp-json\/wp\/v2\/tags?post=4525"}],"curies":[{"name":"wp","href":"https:\/\/api.w.org\/{rel}","templated":true}]}}