{"id":4541,"date":"2026-08-31T21:04:18","date_gmt":"2026-08-31T23:04:18","guid":{"rendered":"https:\/\/www.encontrasantoandre.com.br\/sobre\/boletim-da-presidencia-balanco-de-recesso-e-retomada\/"},"modified":"2026-08-31T21:04:18","modified_gmt":"2026-08-31T23:04:18","slug":"boletim-da-presidencia-balanco-de-recesso-e-retomada","status":"publish","type":"post","link":"https:\/\/www.encontrasantoandre.com.br\/sobre\/boletim-da-presidencia-balanco-de-recesso-e-retomada\/","title":{"rendered":"Boletim da Presid\u00eancia: balan\u00e7o de recesso e retomada"},"content":{"rendered":"<div class=\"4fdc6fbb32335ae240758d21e215a0e4\" data-index=\"1\" style=\"float: none; margin:0px;\">\n<!-- Anuncio display - global -->\r\n<ins class=\"adsbygoogle\"\r\n     style=\"display:block\"\r\n     data-ad-client=\"ca-pub-8585364105181520\"\r\n     data-ad-slot=\"8789329856\"\r\n     data-ad-format=\"auto\"\r\n     data-full-width-responsive=\"true\"><\/ins>\r\n<script>\r\n     (adsbygoogle = window.adsbygoogle || []).push({});\r\n<\/script>\n<\/div>\n<h2>A\u00e7\u00f5es Durante o Recesso<\/h2>\n<p>Durante o intervalo legislativo, a C\u00e2mara Municipal de Santo Andr\u00e9 n\u00e3o se deteve, mantendo-se em plena atividade. O recesso foi um per\u00edodo de planejamento e organiza\u00e7\u00e3o para avan\u00e7ar no segundo semestre, aliando esfor\u00e7os entre o Executivo e o Legislativo. Isso demonstra que, mesmo sem as sess\u00f5es ordin\u00e1rias, o trabalho para a popula\u00e7\u00e3o continua intensamente.<\/p>\n<h2>Lan\u00e7amento do Programa Meu Bairro Novo<\/h2>\n<p>O destaque do m\u00eas foi o lan\u00e7amento do programa <strong>Meu Bairro Novo<\/strong>. Com a presen\u00e7a do presidente da C\u00e2mara, vereador Carlos Ferreira, e do prefeito Gilvan Ferreira, este programa visa transformar o Jardim Santo Alberto. A iniciativa vai prover infraestrutura avan\u00e7ada, seguran\u00e7a, melhorias na mobilidade e um aumento na qualidade de vida dos habitantes locais. A parceria entre a C\u00e2mara e a Prefeitura \u00e9 essencial para o sucesso dessa iniciativa, que, segundo o vereador, representa o in\u00edcio de um projeto abrangente de desenvolvimento municipal.<\/p>\n<h2>Parceria com o Executivo<\/h2>\n<p>As colabora\u00e7\u00f5es entre os representantes da C\u00e2mara Municipal e o Executivo foram ressaltadas durante o lan\u00e7amento do programa. O prefeito Gilvan Ferreira elogiou a harmonia entre os poderes, destacando que a efic\u00e1cia das pol\u00edticas p\u00fablicas \u00e9 amplamente potenciadas pela aprova\u00e7\u00e3o c\u00e9lere dos projetos na C\u00e2mara Municipal. A coordena\u00e7\u00e3o entre essas duas esferas \u00e9 vital para que as necessidades da popula\u00e7\u00e3o sejam atendidas de forma eficaz e respons\u00e1vel.<\/p>\n<p><img decoding=\"async\" src=\"https:\/\/www.encontrasantoandre.com.br\/sobre\/wp-content\/uploads\/2026\/08\/boletim-da-presidencia-balanco-de-recesso-e-retomada.webp\" alt=\"Balan\u00e7o da Presid\u00eancia\" loading=\"lazy\" \/><\/p>\n<h2>Seguran\u00e7a Jur\u00eddica na Administra\u00e7\u00e3o<\/h2>\n<p>A administra\u00e7\u00e3o da C\u00e2mara Municipal, em particular a Diretoria-Geral, tem sido fundamental para garantir um funcionamento seguro e efetivo nos bastidores. Este setor tem promovido a legalidade, a moralidade e a efici\u00eancia nas pr\u00e1ticas administrativas, assegurando que todos os atos de gest\u00e3o estejam em conformidade com as normativas vigentes.<\/p>\n<h2>Resultados da Diretoria-Geral<\/h2>\n<p>A Diretoria-Geral tem sido direcionada para refor\u00e7ar a governan\u00e7a interna, garantindo que os procedimentos administrativos sigam rigorosamente a legalidade. O foco na efici\u00eancia ajuda na otimiza\u00e7\u00e3o de recursos, essencial para apoiar a atividade principal da Casa. Essa abordagem fortalece a confian\u00e7a da popula\u00e7\u00e3o nas a\u00e7\u00f5es legislativas.<\/p>\n<h2>Inova\u00e7\u00f5es na Gest\u00e3o P\u00fablica<\/h2>\n<p>A cria\u00e7\u00e3o do novo Setor de Planejamento na C\u00e2mara se d\u00e1 em resposta \u00e0s exig\u00eancias da Lei n\u00ba 14.133\/2021, propondo um espa\u00e7o estrat\u00e9gico fundamental para a realiza\u00e7\u00e3o de licita\u00e7\u00f5es e contrata\u00e7\u00f5es. O planejamento sistem\u00e1tico propicia maior seguran\u00e7a jur\u00eddica e melhor gest\u00e3o dos recursos p\u00fablicos, assegurando que os servi\u00e7os prestados sejam de qualidade e econ\u00f4micos.<\/p>\n<h2>Moderniza\u00e7\u00e3o da Comunica\u00e7\u00e3o<\/h2>\n<p>Desde mar\u00e7o de 2023, a Ger\u00eancia de Comunica\u00e7\u00e3o Institucional da C\u00e2mara tem executado a\u00e7\u00f5es para modernizar suas estruturas e aumentar a presen\u00e7a digital. Com a ado\u00e7\u00e3o de novas tecnologias e a cria\u00e7\u00e3o da TV C\u00e2mara, a c\u00e2mara trouxe uma nova din\u00e2mica de comunica\u00e7\u00e3o com a popula\u00e7\u00e3o, ampliando o alcance e a transpar\u00eancia nas informa\u00e7\u00f5es.<\/p>\n<h2>Projetos Futuros na C\u00e2mara<\/h2>\n<p>Os esfor\u00e7os futuros visam a continuar esse movimento de inova\u00e7\u00e3o, como a inten\u00e7\u00e3o de contratar uma ag\u00eancia de publicidade e implementar um sistema de Gest\u00e3o de Ativos Digitais em 2027. Essas iniciativas ajudar\u00e3o a preservar a mem\u00f3ria institucional e a melhorar o acesso \u00e0 informa\u00e7\u00e3o.<\/p>\n<h2>Mensagem do Presidente sobre a Retomada<\/h2>\n<p>Em um resumo de suas atividades durante o per\u00edodo de recesso, o presidente Carlos Ferreira enfatizou que, ao contr\u00e1rio da percep\u00e7\u00e3o de inatividade, a C\u00e2mara continuou a operar em plena capacidade. Seu compromisso com a popula\u00e7\u00e3o \u00e9 expl\u00edcito, com suporte cont\u00ednuo \u00e0s demandas e intera\u00e7\u00e3o com a Prefeitura. O foco no atendimento das necessidades dos mun\u00edcipes permaneceu integral, e o planejamento para o segundo semestre \u00e9 promissor, com \u00eanfase na sa\u00fade, educa\u00e7\u00e3o e infraestrutura, sempre visando o bem-estar dos cidad\u00e3os.<\/p>\n\n<div style=\"font-size: 0px; height: 0px; line-height: 0px; margin: 0; padding: 0; clear: both;\"><\/div>","protected":false},"excerpt":{"rendered":"<p>Balan\u00e7o da Presid\u00eancia: descubra os avan\u00e7os e iniciativas da C\u00e2mara.<\/p>\n","protected":false},"author":1,"featured_media":4540,"comment_status":"open","ping_status":"closed","sticky":false,"template":"","format":"standard","meta":{"footnotes":""},"categories":[6],"tags":[],"class_list":["post-4541","post","type-post","status-publish","format-standard","has-post-thumbnail","hentry","category-noticias-em-santo-andre","has_thumb"],"aioseo_notices":[],"aioseo_head":"\n\t\t<!-- All in One SEO 5.0.0.1 - aioseo.com -->\n\t<meta name=\"description\" content=\"Balan\u00e7o da Presid\u00eancia: descubra os avan\u00e7os e iniciativas da C\u00e2mara.\" \/>\n\t<meta name=\"robots\" content=\"max-image-preview:large\" \/>\n\t<meta name=\"author\" content=\"Encontra Santo Andr\u00e9\"\/>\n\t<link rel=\"canonical\" href=\"https:\/\/www.encontrasantoandre.com.br\/sobre\/boletim-da-presidencia-balanco-de-recesso-e-retomada\/\" \/>\n\t<meta name=\"generator\" content=\"All in One SEO (AIOSEO) 5.0.0.1\" \/>\n\t\t<meta property=\"og:locale\" content=\"pt_BR\" \/>\n\t\t<meta property=\"og:site_name\" content=\"Encontra Santo Andr\u00e9 | Not\u00edcias, eventos, informa\u00e7\u00f5es e dicas na cidade de Santo Andr\u00e9 e regi\u00e3o\" \/>\n\t\t<meta property=\"og:type\" content=\"article\" \/>\n\t\t<meta property=\"og:title\" content=\"Boletim da Presid\u00eancia: balan\u00e7o de recesso e retomada | Encontra Santo Andr\u00e9\" \/>\n\t\t<meta property=\"og:description\" content=\"Balan\u00e7o da Presid\u00eancia: descubra os avan\u00e7os e iniciativas da C\u00e2mara.\" \/>\n\t\t<meta property=\"og:url\" content=\"https:\/\/www.encontrasantoandre.com.br\/sobre\/boletim-da-presidencia-balanco-de-recesso-e-retomada\/\" \/>\n\t\t<meta property=\"article:published_time\" content=\"2026-08-31T23:04:18+00:00\" \/>\n\t\t<meta property=\"article:modified_time\" content=\"2026-08-31T23:04:18+00:00\" \/>\n\t\t<meta name=\"twitter:card\" content=\"summary\" \/>\n\t\t<meta name=\"twitter:title\" content=\"Boletim da Presid\u00eancia: balan\u00e7o de recesso e retomada | Encontra Santo Andr\u00e9\" \/>\n\t\t<meta name=\"twitter:description\" content=\"Balan\u00e7o da Presid\u00eancia: descubra os avan\u00e7os e iniciativas da C\u00e2mara.\" \/>\n\t\t<script type=\"application\/ld+json\" class=\"aioseo-schema\">\n\t\t\t{\"@context\":\"https:\\\/\\\/schema.org\",\"@graph\":[{\"@type\":\"Article\",\"@id\":\"https:\\\/\\\/www.encontrasantoandre.com.br\\\/sobre\\\/boletim-da-presidencia-balanco-de-recesso-e-retomada\\\/#article\",\"name\":\"Boletim da Presid\\u00eancia: balan\\u00e7o de recesso e retomada | Encontra Santo Andr\\u00e9\",\"headline\":\"Boletim da Presid\\u00eancia: balan\\u00e7o de recesso e retomada\",\"author\":{\"@id\":\"https:\\\/\\\/www.encontrasantoandre.com.br\\\/sobre\\\/author\\\/esantoandre\\\/#author\"},\"publisher\":{\"@id\":\"https:\\\/\\\/www.encontrasantoandre.com.br\\\/sobre\\\/#organization\"},\"image\":{\"@type\":\"ImageObject\",\"url\":\"https:\\\/\\\/www.encontrasantoandre.com.br\\\/sobre\\\/wp-content\\\/uploads\\\/2026\\\/08\\\/boletim-da-presidencia-balanco-de-recesso-e-retomada.webp\",\"width\":280,\"height\":280,\"caption\":\"Balan\\u00e7o da Presid\\u00eancia\"},\"datePublished\":\"2026-08-31T21:04:18-02:00\",\"dateModified\":\"2026-08-31T21:04:18-02:00\",\"inLanguage\":\"pt-BR\",\"mainEntityOfPage\":{\"@id\":\"https:\\\/\\\/www.encontrasantoandre.com.br\\\/sobre\\\/boletim-da-presidencia-balanco-de-recesso-e-retomada\\\/#webpage\"},\"isPartOf\":{\"@id\":\"https:\\\/\\\/www.encontrasantoandre.com.br\\\/sobre\\\/boletim-da-presidencia-balanco-de-recesso-e-retomada\\\/#webpage\"},\"articleSection\":\"Not\\u00edcias Santo Andr\\u00e9\"},{\"@type\":\"BreadcrumbList\",\"@id\":\"https:\\\/\\\/www.encontrasantoandre.com.br\\\/sobre\\\/boletim-da-presidencia-balanco-de-recesso-e-retomada\\\/#breadcrumblist\",\"itemListElement\":[{\"@type\":\"ListItem\",\"@id\":\"https:\\\/\\\/www.encontrasantoandre.com.br\\\/sobre#listItem\",\"position\":1,\"name\":\"In\\u00edcio\",\"item\":\"https:\\\/\\\/www.encontrasantoandre.com.br\\\/sobre\",\"nextItem\":{\"@type\":\"ListItem\",\"@id\":\"https:\\\/\\\/www.encontrasantoandre.com.br\\\/sobre\\\/noticias-em-santo-andre\\\/#listItem\",\"name\":\"Not\\u00edcias Santo Andr\\u00e9\"}},{\"@type\":\"ListItem\",\"@id\":\"https:\\\/\\\/www.encontrasantoandre.com.br\\\/sobre\\\/noticias-em-santo-andre\\\/#listItem\",\"position\":2,\"name\":\"Not\\u00edcias Santo Andr\\u00e9\",\"item\":\"https:\\\/\\\/www.encontrasantoandre.com.br\\\/sobre\\\/noticias-em-santo-andre\\\/\",\"nextItem\":{\"@type\":\"ListItem\",\"@id\":\"https:\\\/\\\/www.encontrasantoandre.com.br\\\/sobre\\\/boletim-da-presidencia-balanco-de-recesso-e-retomada\\\/#listItem\",\"name\":\"Boletim da Presid\\u00eancia: balan\\u00e7o de recesso e retomada\"},\"previousItem\":{\"@type\":\"ListItem\",\"@id\":\"https:\\\/\\\/www.encontrasantoandre.com.br\\\/sobre#listItem\",\"name\":\"In\\u00edcio\"}},{\"@type\":\"ListItem\",\"@id\":\"https:\\\/\\\/www.encontrasantoandre.com.br\\\/sobre\\\/boletim-da-presidencia-balanco-de-recesso-e-retomada\\\/#listItem\",\"position\":3,\"name\":\"Boletim da Presid\\u00eancia: balan\\u00e7o de recesso e retomada\",\"previousItem\":{\"@type\":\"ListItem\",\"@id\":\"https:\\\/\\\/www.encontrasantoandre.com.br\\\/sobre\\\/noticias-em-santo-andre\\\/#listItem\",\"name\":\"Not\\u00edcias Santo Andr\\u00e9\"}}]},{\"@type\":\"Organization\",\"@id\":\"https:\\\/\\\/www.encontrasantoandre.com.br\\\/sobre\\\/#organization\",\"name\":\"Encontra Santo Andr\\u00e9\",\"description\":\"Not\\u00edcias, eventos, informa\\u00e7\\u00f5es e dicas na cidade de Santo Andr\\u00e9 e regi\\u00e3o\",\"url\":\"https:\\\/\\\/www.encontrasantoandre.com.br\\\/sobre\\\/\"},{\"@type\":\"Person\",\"@id\":\"https:\\\/\\\/www.encontrasantoandre.com.br\\\/sobre\\\/author\\\/esantoandre\\\/#author\",\"url\":\"https:\\\/\\\/www.encontrasantoandre.com.br\\\/sobre\\\/author\\\/esantoandre\\\/\",\"name\":\"Encontra Santo Andr\\u00e9\",\"image\":{\"@type\":\"ImageObject\",\"@id\":\"https:\\\/\\\/www.encontrasantoandre.com.br\\\/sobre\\\/boletim-da-presidencia-balanco-de-recesso-e-retomada\\\/#authorImage\",\"url\":\"https:\\\/\\\/secure.gravatar.com\\\/avatar\\\/507340682b8270222e1f208e23198b6ae7e2c6a1033ae84e99bc6bce4f82a387?s=96&d=mm&r=g\",\"width\":96,\"height\":96,\"caption\":\"Encontra Santo Andr\\u00e9\"}},{\"@type\":\"WebPage\",\"@id\":\"https:\\\/\\\/www.encontrasantoandre.com.br\\\/sobre\\\/boletim-da-presidencia-balanco-de-recesso-e-retomada\\\/#webpage\",\"url\":\"https:\\\/\\\/www.encontrasantoandre.com.br\\\/sobre\\\/boletim-da-presidencia-balanco-de-recesso-e-retomada\\\/\",\"name\":\"Boletim da Presid\\u00eancia: balan\\u00e7o de recesso e retomada | Encontra Santo Andr\\u00e9\",\"description\":\"Balan\\u00e7o da Presid\\u00eancia: descubra os avan\\u00e7os e iniciativas da C\\u00e2mara.\",\"inLanguage\":\"pt-BR\",\"isPartOf\":{\"@id\":\"https:\\\/\\\/www.encontrasantoandre.com.br\\\/sobre\\\/#website\"},\"breadcrumb\":{\"@id\":\"https:\\\/\\\/www.encontrasantoandre.com.br\\\/sobre\\\/boletim-da-presidencia-balanco-de-recesso-e-retomada\\\/#breadcrumblist\"},\"author\":{\"@id\":\"https:\\\/\\\/www.encontrasantoandre.com.br\\\/sobre\\\/author\\\/esantoandre\\\/#author\"},\"creator\":{\"@id\":\"https:\\\/\\\/www.encontrasantoandre.com.br\\\/sobre\\\/author\\\/esantoandre\\\/#author\"},\"image\":{\"@type\":\"ImageObject\",\"url\":\"https:\\\/\\\/www.encontrasantoandre.com.br\\\/sobre\\\/wp-content\\\/uploads\\\/2026\\\/08\\\/boletim-da-presidencia-balanco-de-recesso-e-retomada.webp\",\"@id\":\"https:\\\/\\\/www.encontrasantoandre.com.br\\\/sobre\\\/boletim-da-presidencia-balanco-de-recesso-e-retomada\\\/#mainImage\",\"width\":280,\"height\":280,\"caption\":\"Balan\\u00e7o da Presid\\u00eancia\"},\"primaryImageOfPage\":{\"@id\":\"https:\\\/\\\/www.encontrasantoandre.com.br\\\/sobre\\\/boletim-da-presidencia-balanco-de-recesso-e-retomada\\\/#mainImage\"},\"datePublished\":\"2026-08-31T21:04:18-02:00\",\"dateModified\":\"2026-08-31T21:04:18-02:00\"},{\"@type\":\"WebSite\",\"@id\":\"https:\\\/\\\/www.encontrasantoandre.com.br\\\/sobre\\\/#website\",\"url\":\"https:\\\/\\\/www.encontrasantoandre.com.br\\\/sobre\\\/\",\"name\":\"Encontra Santo Andr\\u00e9\",\"description\":\"Not\\u00edcias, eventos, informa\\u00e7\\u00f5es e dicas na cidade de Santo Andr\\u00e9 e regi\\u00e3o\",\"inLanguage\":\"pt-BR\",\"publisher\":{\"@id\":\"https:\\\/\\\/www.encontrasantoandre.com.br\\\/sobre\\\/#organization\"}}]}\n\t\t<\/script>\n\t\t<!-- All in One SEO -->\n\n","aioseo_head_json":{"title":"Boletim da Presid\u00eancia: balan\u00e7o de recesso e retomada | Encontra Santo Andr\u00e9","description":"Balan\u00e7o da Presid\u00eancia: descubra os avan\u00e7os e iniciativas da C\u00e2mara.","canonical_url":"https:\/\/www.encontrasantoandre.com.br\/sobre\/boletim-da-presidencia-balanco-de-recesso-e-retomada\/","robots":"max-image-preview:large","keywords":"","webmasterTools":{"miscellaneous":""},"schema":{"@context":"https:\/\/schema.org","@graph":[{"@type":"Article","@id":"https:\/\/www.encontrasantoandre.com.br\/sobre\/boletim-da-presidencia-balanco-de-recesso-e-retomada\/#article","name":"Boletim da Presid\u00eancia: balan\u00e7o de recesso e retomada | Encontra Santo Andr\u00e9","headline":"Boletim da Presid\u00eancia: balan\u00e7o de recesso e retomada","author":{"@id":"https:\/\/www.encontrasantoandre.com.br\/sobre\/author\/esantoandre\/#author"},"publisher":{"@id":"https:\/\/www.encontrasantoandre.com.br\/sobre\/#organization"},"image":{"@type":"ImageObject","url":"https:\/\/www.encontrasantoandre.com.br\/sobre\/wp-content\/uploads\/2026\/08\/boletim-da-presidencia-balanco-de-recesso-e-retomada.webp","width":280,"height":280,"caption":"Balan\u00e7o da Presid\u00eancia"},"datePublished":"2026-08-31T21:04:18-02:00","dateModified":"2026-08-31T21:04:18-02:00","inLanguage":"pt-BR","mainEntityOfPage":{"@id":"https:\/\/www.encontrasantoandre.com.br\/sobre\/boletim-da-presidencia-balanco-de-recesso-e-retomada\/#webpage"},"isPartOf":{"@id":"https:\/\/www.encontrasantoandre.com.br\/sobre\/boletim-da-presidencia-balanco-de-recesso-e-retomada\/#webpage"},"articleSection":"Not\u00edcias Santo Andr\u00e9"},{"@type":"BreadcrumbList","@id":"https:\/\/www.encontrasantoandre.com.br\/sobre\/boletim-da-presidencia-balanco-de-recesso-e-retomada\/#breadcrumblist","itemListElement":[{"@type":"ListItem","@id":"https:\/\/www.encontrasantoandre.com.br\/sobre#listItem","position":1,"name":"In\u00edcio","item":"https:\/\/www.encontrasantoandre.com.br\/sobre","nextItem":{"@type":"ListItem","@id":"https:\/\/www.encontrasantoandre.com.br\/sobre\/noticias-em-santo-andre\/#listItem","name":"Not\u00edcias Santo Andr\u00e9"}},{"@type":"ListItem","@id":"https:\/\/www.encontrasantoandre.com.br\/sobre\/noticias-em-santo-andre\/#listItem","position":2,"name":"Not\u00edcias Santo Andr\u00e9","item":"https:\/\/www.encontrasantoandre.com.br\/sobre\/noticias-em-santo-andre\/","nextItem":{"@type":"ListItem","@id":"https:\/\/www.encontrasantoandre.com.br\/sobre\/boletim-da-presidencia-balanco-de-recesso-e-retomada\/#listItem","name":"Boletim da Presid\u00eancia: balan\u00e7o de recesso e retomada"},"previousItem":{"@type":"ListItem","@id":"https:\/\/www.encontrasantoandre.com.br\/sobre#listItem","name":"In\u00edcio"}},{"@type":"ListItem","@id":"https:\/\/www.encontrasantoandre.com.br\/sobre\/boletim-da-presidencia-balanco-de-recesso-e-retomada\/#listItem","position":3,"name":"Boletim da Presid\u00eancia: balan\u00e7o de recesso e retomada","previousItem":{"@type":"ListItem","@id":"https:\/\/www.encontrasantoandre.com.br\/sobre\/noticias-em-santo-andre\/#listItem","name":"Not\u00edcias Santo Andr\u00e9"}}]},{"@type":"Organization","@id":"https:\/\/www.encontrasantoandre.com.br\/sobre\/#organization","name":"Encontra Santo Andr\u00e9","description":"Not\u00edcias, eventos, informa\u00e7\u00f5es e dicas na cidade de Santo Andr\u00e9 e regi\u00e3o","url":"https:\/\/www.encontrasantoandre.com.br\/sobre\/"},{"@type":"Person","@id":"https:\/\/www.encontrasantoandre.com.br\/sobre\/author\/esantoandre\/#author","url":"https:\/\/www.encontrasantoandre.com.br\/sobre\/author\/esantoandre\/","name":"Encontra Santo Andr\u00e9","image":{"@type":"ImageObject","@id":"https:\/\/www.encontrasantoandre.com.br\/sobre\/boletim-da-presidencia-balanco-de-recesso-e-retomada\/#authorImage","url":"https:\/\/secure.gravatar.com\/avatar\/507340682b8270222e1f208e23198b6ae7e2c6a1033ae84e99bc6bce4f82a387?s=96&d=mm&r=g","width":96,"height":96,"caption":"Encontra Santo Andr\u00e9"}},{"@type":"WebPage","@id":"https:\/\/www.encontrasantoandre.com.br\/sobre\/boletim-da-presidencia-balanco-de-recesso-e-retomada\/#webpage","url":"https:\/\/www.encontrasantoandre.com.br\/sobre\/boletim-da-presidencia-balanco-de-recesso-e-retomada\/","name":"Boletim da Presid\u00eancia: balan\u00e7o de recesso e retomada | Encontra Santo Andr\u00e9","description":"Balan\u00e7o da Presid\u00eancia: descubra os avan\u00e7os e iniciativas da C\u00e2mara.","inLanguage":"pt-BR","isPartOf":{"@id":"https:\/\/www.encontrasantoandre.com.br\/sobre\/#website"},"breadcrumb":{"@id":"https:\/\/www.encontrasantoandre.com.br\/sobre\/boletim-da-presidencia-balanco-de-recesso-e-retomada\/#breadcrumblist"},"author":{"@id":"https:\/\/www.encontrasantoandre.com.br\/sobre\/author\/esantoandre\/#author"},"creator":{"@id":"https:\/\/www.encontrasantoandre.com.br\/sobre\/author\/esantoandre\/#author"},"image":{"@type":"ImageObject","url":"https:\/\/www.encontrasantoandre.com.br\/sobre\/wp-content\/uploads\/2026\/08\/boletim-da-presidencia-balanco-de-recesso-e-retomada.webp","@id":"https:\/\/www.encontrasantoandre.com.br\/sobre\/boletim-da-presidencia-balanco-de-recesso-e-retomada\/#mainImage","width":280,"height":280,"caption":"Balan\u00e7o da Presid\u00eancia"},"primaryImageOfPage":{"@id":"https:\/\/www.encontrasantoandre.com.br\/sobre\/boletim-da-presidencia-balanco-de-recesso-e-retomada\/#mainImage"},"datePublished":"2026-08-31T21:04:18-02:00","dateModified":"2026-08-31T21:04:18-02:00"},{"@type":"WebSite","@id":"https:\/\/www.encontrasantoandre.com.br\/sobre\/#website","url":"https:\/\/www.encontrasantoandre.com.br\/sobre\/","name":"Encontra Santo Andr\u00e9","description":"Not\u00edcias, eventos, informa\u00e7\u00f5es e dicas na cidade de Santo Andr\u00e9 e regi\u00e3o","inLanguage":"pt-BR","publisher":{"@id":"https:\/\/www.encontrasantoandre.com.br\/sobre\/#organization"}}]},"og:locale":"pt_BR","og:site_name":"Encontra Santo Andr\u00e9 | Not\u00edcias, eventos, informa\u00e7\u00f5es e dicas na cidade de Santo Andr\u00e9 e regi\u00e3o","og:type":"article","og:title":"Boletim da Presid\u00eancia: balan\u00e7o de recesso e retomada | Encontra Santo Andr\u00e9","og:description":"Balan\u00e7o da Presid\u00eancia: descubra os avan\u00e7os e iniciativas da C\u00e2mara.","og:url":"https:\/\/www.encontrasantoandre.com.br\/sobre\/boletim-da-presidencia-balanco-de-recesso-e-retomada\/","article:published_time":"2026-08-31T23:04:18+00:00","article:modified_time":"2026-08-31T23:04:18+00:00","twitter:card":"summary","twitter:title":"Boletim da Presid\u00eancia: balan\u00e7o de recesso e retomada | Encontra Santo Andr\u00e9","twitter:description":"Balan\u00e7o da Presid\u00eancia: descubra os avan\u00e7os e iniciativas da C\u00e2mara."},"aioseo_meta_data":{"post_id":"4541","title":null,"description":null,"keywords":null,"keyphrases":null,"primary_term":null,"canonical_url":null,"og_title":null,"og_description":null,"og_object_type":"default","og_image_type":"default","og_image_url":null,"og_image_width":null,"og_image_height":null,"og_image_custom_url":null,"og_image_custom_fields":null,"og_video":null,"og_custom_url":null,"og_article_section":null,"og_article_tags":null,"twitter_use_og":false,"twitter_card":"default","twitter_image_type":"default","twitter_image_url":null,"twitter_image_custom_url":null,"twitter_image_custom_fields":null,"twitter_title":null,"twitter_description":null,"schema":{"blockGraphs":[],"customGraphs":[],"default":{"data":{"Article":[],"Course":[],"Dataset":[],"FAQPage":[],"Movie":[],"Person":[],"Product":[],"ProductReview":[],"Car":[],"Recipe":[],"Service":[],"SoftwareApplication":[],"WebPage":[]},"graphName":"Article","isEnabled":true},"graphs":[]},"schema_type":"default","schema_type_options":null,"pillar_content":false,"robots_default":true,"robots_noindex":false,"robots_noarchive":false,"robots_nosnippet":false,"robots_nofollow":false,"robots_noimageindex":false,"robots_noodp":false,"robots_notranslate":false,"robots_max_snippet":null,"robots_max_videopreview":null,"robots_max_imagepreview":"large","priority":null,"frequency":null,"local_seo":null,"breadcrumb_settings":null,"limit_modified_date":false,"ai":null,"created":"2026-08-31 23:04:20","updated":"2026-08-31 23:51:39","focus_keyword":null,"additional_keywords":null,"truseo_locale":null,"seo_analyzer_scan_date":null},"aioseo_breadcrumb":"<div class=\"aioseo-breadcrumbs\"><span class=\"aioseo-breadcrumb\">\n\t\t\t<a href=\"https:\/\/www.encontrasantoandre.com.br\/sobre\" title=\"In\u00edcio\">In\u00edcio<\/a>\n\t\t<\/span><span class=\"aioseo-breadcrumb-separator\">&raquo;<\/span><span class=\"aioseo-breadcrumb\">\n\t\t\t<a href=\"https:\/\/www.encontrasantoandre.com.br\/sobre\/noticias-em-santo-andre\/\" title=\"Not\u00edcias Santo Andr\u00e9\">Not\u00edcias Santo Andr\u00e9<\/a>\n\t\t<\/span><span class=\"aioseo-breadcrumb-separator\">&raquo;<\/span><span class=\"aioseo-breadcrumb\">\n\t\t\tBoletim da Presid\u00eancia: balan\u00e7o de recesso e retomada\n\t\t<\/span><\/div>","aioseo_breadcrumb_json":[{"label":"In\u00edcio","link":"https:\/\/www.encontrasantoandre.com.br\/sobre"},{"label":"Not\u00edcias Santo Andr\u00e9","link":"https:\/\/www.encontrasantoandre.com.br\/sobre\/noticias-em-santo-andre\/"},{"label":"Boletim da Presid\u00eancia: balan\u00e7o de recesso e retomada","link":"https:\/\/www.encontrasantoandre.com.br\/sobre\/boletim-da-presidencia-balanco-de-recesso-e-retomada\/"}],"_links":{"self":[{"href":"https:\/\/www.encontrasantoandre.com.br\/sobre\/wp-json\/wp\/v2\/posts\/4541","targetHints":{"allow":["GET"]}}],"collection":[{"href":"https:\/\/www.encontrasantoandre.com.br\/sobre\/wp-json\/wp\/v2\/posts"}],"about":[{"href":"https:\/\/www.encontrasantoandre.com.br\/sobre\/wp-json\/wp\/v2\/types\/post"}],"author":[{"embeddable":true,"href":"https:\/\/www.encontrasantoandre.com.br\/sobre\/wp-json\/wp\/v2\/users\/1"}],"replies":[{"embeddable":true,"href":"https:\/\/www.encontrasantoandre.com.br\/sobre\/wp-json\/wp\/v2\/comments?post=4541"}],"version-history":[{"count":0,"href":"https:\/\/www.encontrasantoandre.com.br\/sobre\/wp-json\/wp\/v2\/posts\/4541\/revisions"}],"wp:featuredmedia":[{"embeddable":true,"href":"https:\/\/www.encontrasantoandre.com.br\/sobre\/wp-json\/wp\/v2\/media\/4540"}],"wp:attachment":[{"href":"https:\/\/www.encontrasantoandre.com.br\/sobre\/wp-json\/wp\/v2\/media?parent=4541"}],"wp:term":[{"taxonomy":"category","embeddable":true,"href":"https:\/\/www.encontrasantoandre.com.br\/sobre\/wp-json\/wp\/v2\/categories?post=4541"},{"taxonomy":"post_tag","embeddable":true,"href":"https:\/\/www.encontrasantoandre.com.br\/sobre\/wp-json\/wp\/v2\/tags?post=4541"}],"curies":[{"name":"wp","href":"https:\/\/api.w.org\/{rel}","templated":true}]}}