{"id":4543,"date":"2026-09-01T01:46:45","date_gmt":"2026-09-01T03:46:45","guid":{"rendered":"https:\/\/www.encontrasantoandre.com.br\/sobre\/santo-andre-em-alerta-o-caos-na-perimetral-e-anchieta\/"},"modified":"2026-09-01T01:46:45","modified_gmt":"2026-09-01T03:46:45","slug":"santo-andre-em-alerta-o-caos-na-perimetral-e-anchieta","status":"publish","type":"post","link":"https:\/\/www.encontrasantoandre.com.br\/sobre\/santo-andre-em-alerta-o-caos-na-perimetral-e-anchieta\/","title":{"rendered":"Santo Andr\u00e9 em Alerta: O Caos na Perimetral e Anchieta!"},"content":{"rendered":"<div class=\"4fdc6fbb32335ae240758d21e215a0e4\" data-index=\"1\" style=\"float: none; margin:0px;\">\n<!-- Anuncio display - global -->\r\n<ins class=\"adsbygoogle\"\r\n     style=\"display:block\"\r\n     data-ad-client=\"ca-pub-8585364105181520\"\r\n     data-ad-slot=\"8789329856\"\r\n     data-ad-format=\"auto\"\r\n     data-full-width-responsive=\"true\"><\/ins>\r\n<script>\r\n     (adsbygoogle = window.adsbygoogle || []).push({});\r\n<\/script>\n<\/div>\n<h2>O Impacto do Caos na Perimetral e a Satura\u00e7\u00e3o do Sistema Rodovi\u00e1rio no ABC<\/h2>\n<p>Os moradores do <strong>Grande ABC<\/strong> paulista frequentemente vivenciam a liga\u00e7\u00e3o cr\u00edtica entre a rotina das cidades e a condi\u00e7\u00e3o das vias de tr\u00e1fego. A infraestrutura vi\u00e1ria \u00e9 interdependente, onde um \u00fanico incidente pode gerar grandes impactos no fluxo de tr\u00e2nsito. Um exemplo recente da vulnerabilidade da regi\u00e3o ocorreu quando um caminh\u00e3o ficou preso no viaduto da <strong>Avenida Perimetral<\/strong>, o que resultou em congestionamentos severos em Santo Andr\u00e9. A cidade despertou em estado de preocupa\u00e7\u00e3o, com a esperan\u00e7a de que essa situa\u00e7\u00e3o n\u00e3o se repetisse.<\/p>\n<p>A crise foi desencadeada pelo incidente mencionado, que travou o centro da cidade e causou um efeito domin\u00f3 prejudicial em bairros como o Jardim e a Vila Bastos, al\u00e9m de obstruir acessos cruciais, como a <strong>Avenida Prestes Maia<\/strong>. Diante de um fen\u00f4meno como esse, os motoristas foram for\u00e7ados a buscar rotas alternativas, uma vez que as principais vias estavam saturadas.<\/p>\n<p>Para complicar a situa\u00e7\u00e3o, a concession\u00e1ria <strong>Ecovias Imigrantes<\/strong> relatou que a <strong>Rodovia Anchieta<\/strong> encontrava-se com congestionamentos significativos nos trechos de km 16 a 14 e de km 12 a 10, no sentido S\u00e3o Paulo. Essa lentid\u00e3o, provocada pelo elevado fluxo de ve\u00edculos, agrava ainda mais o cen\u00e1rio de mobilidade na regi\u00e3o, gerando uma press\u00e3o adicional sobre o sistema rodovi\u00e1rio.<\/p>\n<p><img decoding=\"async\" src=\"https:\/\/www.encontrasantoandre.com.br\/sobre\/wp-content\/uploads\/2026\/09\/santo-andre-em-alerta-o-caos-na-perimetral-e-anchieta.webp\" alt=\"Santo Andr\u00e9 em Alerta\" loading=\"lazy\" \/><\/p>\n<h2>A Radiografia das Avenidas que Ligam o Grande ABC \u00e0 Capital Paulista<\/h2>\n<h3>Avenida dos Estados: O Canal Hist\u00f3rico do Rio Tamanduate\u00ed at\u00e9 a Capital<\/h3>\n<p>A <strong>Avenida dos Estados<\/strong>, com aproximadamente 16 km de extens\u00e3o, \u00e9 uma das principais vias que interligam os munic\u00edpios do Grande ABC \u00e0 capital. Esta via, historicamente uma das mais importantes, apresenta fragilidades estruturais que afetam sua funcionalidade, especialmente durante per\u00edodos de chuvas fortes que induzem incidentes de tr\u00e1fego, como o transbordamento do Rio Tamanduate\u00ed.<\/p>\n<h3>Avenida Goi\u00e1s e Avenida Guido Aliberti: Os Corredores Estrat\u00e9gicos de S\u00e3o Caetano do Sul<\/h3>\n<p>As avenidas Goi\u00e1s e Guido Aliberti t\u00eam papel crucial na descongestionamento do tr\u00e1fego entre Santo Andr\u00e9 e S\u00e3o Caetano do Sul. A <strong>Avenida Goi\u00e1s<\/strong>, localizada em um ponto central do com\u00e9rcio local, e a <strong>Avenida Guido Aliberti<\/strong>, que proporciona acesso a \u00e1reas chave, s\u00e3o frequentemente utilizadas por motoristas que desejam evitar o congestionamento da Anchieta. Contudo, durante incidentes cr\u00edticos de tr\u00e1fego, essas vias tamb\u00e9m podem se tornar sujeitas a reten\u00e7\u00f5es significativas.<\/p>\n<h3>Avenida Prestes Maia e a Moderniza\u00e7\u00e3o do Escoamento em Santo Andr\u00e9<\/h3>\n<p>A <strong>Avenida Prestes Maia<\/strong> \u00e9 uma art\u00e9ria vital para o tr\u00e1fego que flui entre o Bairro Jardim de Santo Andr\u00e9 e a capital, promovendo um escoamento significativo de ve\u00edculos diariamente. Recentemente, interven\u00e7\u00f5es na via, como a implementa\u00e7\u00e3o de uma faixa azul e uma faixa de acelera\u00e7\u00e3o no acesso, visam melhorar a fluidez do tr\u00e2nsito e diminuir o n\u00famero de acidentes.<\/p>\n<h3>Avenida Piraporinha e o Corredor ABD: O Elo entre S\u00e3o Bernardo e Diadema<\/h3>\n<p>Por outro lado, a <strong>Avenida Piraporinha<\/strong> conecta S\u00e3o Bernardo do Campo a Diadema e \u00e9 parte do <strong>Corredor Metropolitano ABD<\/strong>, que opera com tr\u00f3lebus e \u00f4nibus el\u00e9tricos. Essa avenida \u00e9 vital, pois serve como uma alternativa ao tr\u00e1fego intenso da Rodovia Anchieta, especialmente em dias de congestionamentos prolongados.<\/p>\n<h2>Como Isso Me Afeta e Como me Beneficiar de Rotas Alternativas?<\/h2>\n<p>A imin\u00eancia de novos congestionamentos na Perimetral e a lentid\u00e3o j\u00e1 registrada na Anchieta comprometem o tempo e os custos de deslocamento para os moradores. Ficar preso em congestionamentos contribui para um aumento no consumo de combust\u00edvel e desgaste das partes do ve\u00edculo.<\/p>\n<h3>Existe uma boa oportunidade de economizar aqui?<\/h3>\n<p>Sim, \u00e9 poss\u00edvel economizar tempo e combust\u00edvel utilizando estrat\u00e9gias de condu\u00e7\u00e3o inteligentes:<\/p>\n<ul>\n<li><strong>Evitar o centro de Santo Andr\u00e9:<\/strong> Se a Perimetral estiver congestionada, opte pela Avenida Dom Pedro II em dire\u00e7\u00e3o a S\u00e3o Caetano para acessar a Avenida Goi\u00e1s ou desviando pela Rua das Mon\u00e7\u00f5es para a Avenida Prestes Maia.<\/li>\n<li><strong>Desviando da Anchieta:<\/strong> Ao perceber congestionamento nos trechos da Anchieta, considere utilizar a Avenida Guido Aliberti para alcan\u00e7ar o Sacom\u00e3 e evitar perda de tempo na rodovia.<\/li>\n<li><strong>Condi\u00e7\u00f5es clim\u00e1ticas:<\/strong> Com o tempo encoberto na regi\u00e3o, mantenha a velocidade reduzida e aumente a dist\u00e2ncia de seguran\u00e7a para evitar acidentes.<\/li>\n<li><strong>Corridas em vias melhoradas:<\/strong> D\u00ea prioridade a eixos vi\u00e1rios que receberam melhorias, como a Avenida Prestes Maia.<\/li>\n<\/ul>\n<h2>FAQ \u2014 Perguntas Frequentes<\/h2>\n<h3>1. O que causou a apreens\u00e3o no tr\u00e2nsito de Santo Andr\u00e9 em rela\u00e7\u00e3o \u00e0 Avenida Perimetral?<\/h3>\n<p>A apreens\u00e3o \u00e9 resultado do caos vi\u00e1rio causado por um caminh\u00e3o que ficou preso em um viaduto, o que gerou situa\u00e7\u00f5es de tr\u00e1fego intenso no centro e suas imedia\u00e7\u00f5es.<\/p>\n<h3>2. Quais s\u00e3o os trechos de lentid\u00e3o registrados na Rodovia Anchieta?<\/h3>\n<p>O congestionamento na rodovia ocorre do km 16 ao 14 e do km 12 ao 10, ambos sentidos S\u00e3o Paulo, devido ao alto fluxo de ve\u00edculos.<\/p>\n<h3>3. Qual \u00e9 a melhor alternativa para ir de Santo Andr\u00e9 a S\u00e3o Paulo evitando a Anchieta?<\/h3>\n<p>A melhor rota seria utilizar a Avenida Dom Pedro II para chegar \u00e0 Avenida Goi\u00e1s ou \u00e0 Avenida dos Estados, evitando os congestionamentos centrais.<\/p><\/p>\n\n<div style=\"font-size: 0px; height: 0px; line-height: 0px; margin: 0; padding: 0; clear: both;\"><\/div>","protected":false},"excerpt":{"rendered":"<p>Santo Andr\u00e9 em alerta! Entenda os problemas nas estradas agora.<\/p>\n","protected":false},"author":1,"featured_media":4542,"comment_status":"open","ping_status":"closed","sticky":false,"template":"","format":"standard","meta":{"footnotes":""},"categories":[6],"tags":[],"class_list":["post-4543","post","type-post","status-publish","format-standard","has-post-thumbnail","hentry","category-noticias-em-santo-andre","has_thumb"],"aioseo_notices":[],"aioseo_head":"\n\t\t<!-- All in One SEO 5.0.0.1 - aioseo.com -->\n\t<meta name=\"description\" content=\"Santo Andr\u00e9 em alerta! Entenda os problemas nas estradas agora.\" \/>\n\t<meta name=\"robots\" content=\"max-image-preview:large\" \/>\n\t<meta name=\"author\" content=\"Encontra Santo Andr\u00e9\"\/>\n\t<link rel=\"canonical\" href=\"https:\/\/www.encontrasantoandre.com.br\/sobre\/santo-andre-em-alerta-o-caos-na-perimetral-e-anchieta\/\" \/>\n\t<meta name=\"generator\" content=\"All in One SEO (AIOSEO) 5.0.0.1\" \/>\n\t\t<meta property=\"og:locale\" content=\"pt_BR\" \/>\n\t\t<meta property=\"og:site_name\" content=\"Encontra Santo Andr\u00e9 | Not\u00edcias, eventos, informa\u00e7\u00f5es e dicas na cidade de Santo Andr\u00e9 e regi\u00e3o\" \/>\n\t\t<meta property=\"og:type\" content=\"article\" \/>\n\t\t<meta property=\"og:title\" content=\"Santo Andr\u00e9 em Alerta: O Caos na Perimetral e Anchieta! | Encontra Santo Andr\u00e9\" \/>\n\t\t<meta property=\"og:description\" content=\"Santo Andr\u00e9 em alerta! Entenda os problemas nas estradas agora.\" \/>\n\t\t<meta property=\"og:url\" content=\"https:\/\/www.encontrasantoandre.com.br\/sobre\/santo-andre-em-alerta-o-caos-na-perimetral-e-anchieta\/\" \/>\n\t\t<meta property=\"article:published_time\" content=\"2026-09-01T03:46:45+00:00\" \/>\n\t\t<meta property=\"article:modified_time\" content=\"2026-09-01T03:46:45+00:00\" \/>\n\t\t<meta name=\"twitter:card\" content=\"summary\" \/>\n\t\t<meta name=\"twitter:title\" content=\"Santo Andr\u00e9 em Alerta: O Caos na Perimetral e Anchieta! | Encontra Santo Andr\u00e9\" \/>\n\t\t<meta name=\"twitter:description\" content=\"Santo Andr\u00e9 em alerta! Entenda os problemas nas estradas agora.\" \/>\n\t\t<script type=\"application\/ld+json\" class=\"aioseo-schema\">\n\t\t\t{\"@context\":\"https:\\\/\\\/schema.org\",\"@graph\":[{\"@type\":\"Article\",\"@id\":\"https:\\\/\\\/www.encontrasantoandre.com.br\\\/sobre\\\/santo-andre-em-alerta-o-caos-na-perimetral-e-anchieta\\\/#article\",\"name\":\"Santo Andr\\u00e9 em Alerta: O Caos na Perimetral e Anchieta! | Encontra Santo Andr\\u00e9\",\"headline\":\"Santo Andr\\u00e9 em Alerta: O Caos na Perimetral e Anchieta!\",\"author\":{\"@id\":\"https:\\\/\\\/www.encontrasantoandre.com.br\\\/sobre\\\/author\\\/esantoandre\\\/#author\"},\"publisher\":{\"@id\":\"https:\\\/\\\/www.encontrasantoandre.com.br\\\/sobre\\\/#organization\"},\"image\":{\"@type\":\"ImageObject\",\"url\":\"https:\\\/\\\/www.encontrasantoandre.com.br\\\/sobre\\\/wp-content\\\/uploads\\\/2026\\\/09\\\/santo-andre-em-alerta-o-caos-na-perimetral-e-anchieta.webp\",\"width\":280,\"height\":280,\"caption\":\"Santo Andr\\u00e9 em Alerta\"},\"datePublished\":\"2026-09-01T01:46:45-02:00\",\"dateModified\":\"2026-09-01T01:46:45-02:00\",\"inLanguage\":\"pt-BR\",\"mainEntityOfPage\":{\"@id\":\"https:\\\/\\\/www.encontrasantoandre.com.br\\\/sobre\\\/santo-andre-em-alerta-o-caos-na-perimetral-e-anchieta\\\/#webpage\"},\"isPartOf\":{\"@id\":\"https:\\\/\\\/www.encontrasantoandre.com.br\\\/sobre\\\/santo-andre-em-alerta-o-caos-na-perimetral-e-anchieta\\\/#webpage\"},\"articleSection\":\"Not\\u00edcias Santo Andr\\u00e9\"},{\"@type\":\"BreadcrumbList\",\"@id\":\"https:\\\/\\\/www.encontrasantoandre.com.br\\\/sobre\\\/santo-andre-em-alerta-o-caos-na-perimetral-e-anchieta\\\/#breadcrumblist\",\"itemListElement\":[{\"@type\":\"ListItem\",\"@id\":\"https:\\\/\\\/www.encontrasantoandre.com.br\\\/sobre#listItem\",\"position\":1,\"name\":\"In\\u00edcio\",\"item\":\"https:\\\/\\\/www.encontrasantoandre.com.br\\\/sobre\",\"nextItem\":{\"@type\":\"ListItem\",\"@id\":\"https:\\\/\\\/www.encontrasantoandre.com.br\\\/sobre\\\/noticias-em-santo-andre\\\/#listItem\",\"name\":\"Not\\u00edcias Santo Andr\\u00e9\"}},{\"@type\":\"ListItem\",\"@id\":\"https:\\\/\\\/www.encontrasantoandre.com.br\\\/sobre\\\/noticias-em-santo-andre\\\/#listItem\",\"position\":2,\"name\":\"Not\\u00edcias Santo Andr\\u00e9\",\"item\":\"https:\\\/\\\/www.encontrasantoandre.com.br\\\/sobre\\\/noticias-em-santo-andre\\\/\",\"nextItem\":{\"@type\":\"ListItem\",\"@id\":\"https:\\\/\\\/www.encontrasantoandre.com.br\\\/sobre\\\/santo-andre-em-alerta-o-caos-na-perimetral-e-anchieta\\\/#listItem\",\"name\":\"Santo Andr\\u00e9 em Alerta: O Caos na Perimetral e Anchieta!\"},\"previousItem\":{\"@type\":\"ListItem\",\"@id\":\"https:\\\/\\\/www.encontrasantoandre.com.br\\\/sobre#listItem\",\"name\":\"In\\u00edcio\"}},{\"@type\":\"ListItem\",\"@id\":\"https:\\\/\\\/www.encontrasantoandre.com.br\\\/sobre\\\/santo-andre-em-alerta-o-caos-na-perimetral-e-anchieta\\\/#listItem\",\"position\":3,\"name\":\"Santo Andr\\u00e9 em Alerta: O Caos na Perimetral e Anchieta!\",\"previousItem\":{\"@type\":\"ListItem\",\"@id\":\"https:\\\/\\\/www.encontrasantoandre.com.br\\\/sobre\\\/noticias-em-santo-andre\\\/#listItem\",\"name\":\"Not\\u00edcias Santo Andr\\u00e9\"}}]},{\"@type\":\"Organization\",\"@id\":\"https:\\\/\\\/www.encontrasantoandre.com.br\\\/sobre\\\/#organization\",\"name\":\"Encontra Santo Andr\\u00e9\",\"description\":\"Not\\u00edcias, eventos, informa\\u00e7\\u00f5es e dicas na cidade de Santo Andr\\u00e9 e regi\\u00e3o\",\"url\":\"https:\\\/\\\/www.encontrasantoandre.com.br\\\/sobre\\\/\"},{\"@type\":\"Person\",\"@id\":\"https:\\\/\\\/www.encontrasantoandre.com.br\\\/sobre\\\/author\\\/esantoandre\\\/#author\",\"url\":\"https:\\\/\\\/www.encontrasantoandre.com.br\\\/sobre\\\/author\\\/esantoandre\\\/\",\"name\":\"Encontra Santo Andr\\u00e9\",\"image\":{\"@type\":\"ImageObject\",\"@id\":\"https:\\\/\\\/www.encontrasantoandre.com.br\\\/sobre\\\/santo-andre-em-alerta-o-caos-na-perimetral-e-anchieta\\\/#authorImage\",\"url\":\"https:\\\/\\\/secure.gravatar.com\\\/avatar\\\/507340682b8270222e1f208e23198b6ae7e2c6a1033ae84e99bc6bce4f82a387?s=96&d=mm&r=g\",\"width\":96,\"height\":96,\"caption\":\"Encontra Santo Andr\\u00e9\"}},{\"@type\":\"WebPage\",\"@id\":\"https:\\\/\\\/www.encontrasantoandre.com.br\\\/sobre\\\/santo-andre-em-alerta-o-caos-na-perimetral-e-anchieta\\\/#webpage\",\"url\":\"https:\\\/\\\/www.encontrasantoandre.com.br\\\/sobre\\\/santo-andre-em-alerta-o-caos-na-perimetral-e-anchieta\\\/\",\"name\":\"Santo Andr\\u00e9 em Alerta: O Caos na Perimetral e Anchieta! | Encontra Santo Andr\\u00e9\",\"description\":\"Santo Andr\\u00e9 em alerta! Entenda os problemas nas estradas agora.\",\"inLanguage\":\"pt-BR\",\"isPartOf\":{\"@id\":\"https:\\\/\\\/www.encontrasantoandre.com.br\\\/sobre\\\/#website\"},\"breadcrumb\":{\"@id\":\"https:\\\/\\\/www.encontrasantoandre.com.br\\\/sobre\\\/santo-andre-em-alerta-o-caos-na-perimetral-e-anchieta\\\/#breadcrumblist\"},\"author\":{\"@id\":\"https:\\\/\\\/www.encontrasantoandre.com.br\\\/sobre\\\/author\\\/esantoandre\\\/#author\"},\"creator\":{\"@id\":\"https:\\\/\\\/www.encontrasantoandre.com.br\\\/sobre\\\/author\\\/esantoandre\\\/#author\"},\"image\":{\"@type\":\"ImageObject\",\"url\":\"https:\\\/\\\/www.encontrasantoandre.com.br\\\/sobre\\\/wp-content\\\/uploads\\\/2026\\\/09\\\/santo-andre-em-alerta-o-caos-na-perimetral-e-anchieta.webp\",\"@id\":\"https:\\\/\\\/www.encontrasantoandre.com.br\\\/sobre\\\/santo-andre-em-alerta-o-caos-na-perimetral-e-anchieta\\\/#mainImage\",\"width\":280,\"height\":280,\"caption\":\"Santo Andr\\u00e9 em Alerta\"},\"primaryImageOfPage\":{\"@id\":\"https:\\\/\\\/www.encontrasantoandre.com.br\\\/sobre\\\/santo-andre-em-alerta-o-caos-na-perimetral-e-anchieta\\\/#mainImage\"},\"datePublished\":\"2026-09-01T01:46:45-02:00\",\"dateModified\":\"2026-09-01T01:46:45-02:00\"},{\"@type\":\"WebSite\",\"@id\":\"https:\\\/\\\/www.encontrasantoandre.com.br\\\/sobre\\\/#website\",\"url\":\"https:\\\/\\\/www.encontrasantoandre.com.br\\\/sobre\\\/\",\"name\":\"Encontra Santo Andr\\u00e9\",\"description\":\"Not\\u00edcias, eventos, informa\\u00e7\\u00f5es e dicas na cidade de Santo Andr\\u00e9 e regi\\u00e3o\",\"inLanguage\":\"pt-BR\",\"publisher\":{\"@id\":\"https:\\\/\\\/www.encontrasantoandre.com.br\\\/sobre\\\/#organization\"}}]}\n\t\t<\/script>\n\t\t<!-- All in One SEO -->\n\n","aioseo_head_json":{"title":"Santo Andr\u00e9 em Alerta: O Caos na Perimetral e Anchieta! | Encontra Santo Andr\u00e9","description":"Santo Andr\u00e9 em alerta! Entenda os problemas nas estradas agora.","canonical_url":"https:\/\/www.encontrasantoandre.com.br\/sobre\/santo-andre-em-alerta-o-caos-na-perimetral-e-anchieta\/","robots":"max-image-preview:large","keywords":"","webmasterTools":{"miscellaneous":""},"schema":{"@context":"https:\/\/schema.org","@graph":[{"@type":"Article","@id":"https:\/\/www.encontrasantoandre.com.br\/sobre\/santo-andre-em-alerta-o-caos-na-perimetral-e-anchieta\/#article","name":"Santo Andr\u00e9 em Alerta: O Caos na Perimetral e Anchieta! | Encontra Santo Andr\u00e9","headline":"Santo Andr\u00e9 em Alerta: O Caos na Perimetral e Anchieta!","author":{"@id":"https:\/\/www.encontrasantoandre.com.br\/sobre\/author\/esantoandre\/#author"},"publisher":{"@id":"https:\/\/www.encontrasantoandre.com.br\/sobre\/#organization"},"image":{"@type":"ImageObject","url":"https:\/\/www.encontrasantoandre.com.br\/sobre\/wp-content\/uploads\/2026\/09\/santo-andre-em-alerta-o-caos-na-perimetral-e-anchieta.webp","width":280,"height":280,"caption":"Santo Andr\u00e9 em Alerta"},"datePublished":"2026-09-01T01:46:45-02:00","dateModified":"2026-09-01T01:46:45-02:00","inLanguage":"pt-BR","mainEntityOfPage":{"@id":"https:\/\/www.encontrasantoandre.com.br\/sobre\/santo-andre-em-alerta-o-caos-na-perimetral-e-anchieta\/#webpage"},"isPartOf":{"@id":"https:\/\/www.encontrasantoandre.com.br\/sobre\/santo-andre-em-alerta-o-caos-na-perimetral-e-anchieta\/#webpage"},"articleSection":"Not\u00edcias Santo Andr\u00e9"},{"@type":"BreadcrumbList","@id":"https:\/\/www.encontrasantoandre.com.br\/sobre\/santo-andre-em-alerta-o-caos-na-perimetral-e-anchieta\/#breadcrumblist","itemListElement":[{"@type":"ListItem","@id":"https:\/\/www.encontrasantoandre.com.br\/sobre#listItem","position":1,"name":"In\u00edcio","item":"https:\/\/www.encontrasantoandre.com.br\/sobre","nextItem":{"@type":"ListItem","@id":"https:\/\/www.encontrasantoandre.com.br\/sobre\/noticias-em-santo-andre\/#listItem","name":"Not\u00edcias Santo Andr\u00e9"}},{"@type":"ListItem","@id":"https:\/\/www.encontrasantoandre.com.br\/sobre\/noticias-em-santo-andre\/#listItem","position":2,"name":"Not\u00edcias Santo Andr\u00e9","item":"https:\/\/www.encontrasantoandre.com.br\/sobre\/noticias-em-santo-andre\/","nextItem":{"@type":"ListItem","@id":"https:\/\/www.encontrasantoandre.com.br\/sobre\/santo-andre-em-alerta-o-caos-na-perimetral-e-anchieta\/#listItem","name":"Santo Andr\u00e9 em Alerta: O Caos na Perimetral e Anchieta!"},"previousItem":{"@type":"ListItem","@id":"https:\/\/www.encontrasantoandre.com.br\/sobre#listItem","name":"In\u00edcio"}},{"@type":"ListItem","@id":"https:\/\/www.encontrasantoandre.com.br\/sobre\/santo-andre-em-alerta-o-caos-na-perimetral-e-anchieta\/#listItem","position":3,"name":"Santo Andr\u00e9 em Alerta: O Caos na Perimetral e Anchieta!","previousItem":{"@type":"ListItem","@id":"https:\/\/www.encontrasantoandre.com.br\/sobre\/noticias-em-santo-andre\/#listItem","name":"Not\u00edcias Santo Andr\u00e9"}}]},{"@type":"Organization","@id":"https:\/\/www.encontrasantoandre.com.br\/sobre\/#organization","name":"Encontra Santo Andr\u00e9","description":"Not\u00edcias, eventos, informa\u00e7\u00f5es e dicas na cidade de Santo Andr\u00e9 e regi\u00e3o","url":"https:\/\/www.encontrasantoandre.com.br\/sobre\/"},{"@type":"Person","@id":"https:\/\/www.encontrasantoandre.com.br\/sobre\/author\/esantoandre\/#author","url":"https:\/\/www.encontrasantoandre.com.br\/sobre\/author\/esantoandre\/","name":"Encontra Santo Andr\u00e9","image":{"@type":"ImageObject","@id":"https:\/\/www.encontrasantoandre.com.br\/sobre\/santo-andre-em-alerta-o-caos-na-perimetral-e-anchieta\/#authorImage","url":"https:\/\/secure.gravatar.com\/avatar\/507340682b8270222e1f208e23198b6ae7e2c6a1033ae84e99bc6bce4f82a387?s=96&d=mm&r=g","width":96,"height":96,"caption":"Encontra Santo Andr\u00e9"}},{"@type":"WebPage","@id":"https:\/\/www.encontrasantoandre.com.br\/sobre\/santo-andre-em-alerta-o-caos-na-perimetral-e-anchieta\/#webpage","url":"https:\/\/www.encontrasantoandre.com.br\/sobre\/santo-andre-em-alerta-o-caos-na-perimetral-e-anchieta\/","name":"Santo Andr\u00e9 em Alerta: O Caos na Perimetral e Anchieta! | Encontra Santo Andr\u00e9","description":"Santo Andr\u00e9 em alerta! Entenda os problemas nas estradas agora.","inLanguage":"pt-BR","isPartOf":{"@id":"https:\/\/www.encontrasantoandre.com.br\/sobre\/#website"},"breadcrumb":{"@id":"https:\/\/www.encontrasantoandre.com.br\/sobre\/santo-andre-em-alerta-o-caos-na-perimetral-e-anchieta\/#breadcrumblist"},"author":{"@id":"https:\/\/www.encontrasantoandre.com.br\/sobre\/author\/esantoandre\/#author"},"creator":{"@id":"https:\/\/www.encontrasantoandre.com.br\/sobre\/author\/esantoandre\/#author"},"image":{"@type":"ImageObject","url":"https:\/\/www.encontrasantoandre.com.br\/sobre\/wp-content\/uploads\/2026\/09\/santo-andre-em-alerta-o-caos-na-perimetral-e-anchieta.webp","@id":"https:\/\/www.encontrasantoandre.com.br\/sobre\/santo-andre-em-alerta-o-caos-na-perimetral-e-anchieta\/#mainImage","width":280,"height":280,"caption":"Santo Andr\u00e9 em Alerta"},"primaryImageOfPage":{"@id":"https:\/\/www.encontrasantoandre.com.br\/sobre\/santo-andre-em-alerta-o-caos-na-perimetral-e-anchieta\/#mainImage"},"datePublished":"2026-09-01T01:46:45-02:00","dateModified":"2026-09-01T01:46:45-02:00"},{"@type":"WebSite","@id":"https:\/\/www.encontrasantoandre.com.br\/sobre\/#website","url":"https:\/\/www.encontrasantoandre.com.br\/sobre\/","name":"Encontra Santo Andr\u00e9","description":"Not\u00edcias, eventos, informa\u00e7\u00f5es e dicas na cidade de Santo Andr\u00e9 e regi\u00e3o","inLanguage":"pt-BR","publisher":{"@id":"https:\/\/www.encontrasantoandre.com.br\/sobre\/#organization"}}]},"og:locale":"pt_BR","og:site_name":"Encontra Santo Andr\u00e9 | Not\u00edcias, eventos, informa\u00e7\u00f5es e dicas na cidade de Santo Andr\u00e9 e regi\u00e3o","og:type":"article","og:title":"Santo Andr\u00e9 em Alerta: O Caos na Perimetral e Anchieta! | Encontra Santo Andr\u00e9","og:description":"Santo Andr\u00e9 em alerta! Entenda os problemas nas estradas agora.","og:url":"https:\/\/www.encontrasantoandre.com.br\/sobre\/santo-andre-em-alerta-o-caos-na-perimetral-e-anchieta\/","article:published_time":"2026-09-01T03:46:45+00:00","article:modified_time":"2026-09-01T03:46:45+00:00","twitter:card":"summary","twitter:title":"Santo Andr\u00e9 em Alerta: O Caos na Perimetral e Anchieta! | Encontra Santo Andr\u00e9","twitter:description":"Santo Andr\u00e9 em alerta! Entenda os problemas nas estradas agora."},"aioseo_meta_data":{"post_id":"4543","title":null,"description":null,"keywords":null,"keyphrases":null,"primary_term":null,"canonical_url":null,"og_title":null,"og_description":null,"og_object_type":"default","og_image_type":"default","og_image_url":null,"og_image_width":null,"og_image_height":null,"og_image_custom_url":null,"og_image_custom_fields":null,"og_video":null,"og_custom_url":null,"og_article_section":null,"og_article_tags":null,"twitter_use_og":false,"twitter_card":"default","twitter_image_type":"default","twitter_image_url":null,"twitter_image_custom_url":null,"twitter_image_custom_fields":null,"twitter_title":null,"twitter_description":null,"schema":{"blockGraphs":[],"customGraphs":[],"default":{"data":{"Article":[],"Course":[],"Dataset":[],"FAQPage":[],"Movie":[],"Person":[],"Product":[],"ProductReview":[],"Car":[],"Recipe":[],"Service":[],"SoftwareApplication":[],"WebPage":[]},"graphName":"Article","isEnabled":true},"graphs":[]},"schema_type":"default","schema_type_options":null,"pillar_content":false,"robots_default":true,"robots_noindex":false,"robots_noarchive":false,"robots_nosnippet":false,"robots_nofollow":false,"robots_noimageindex":false,"robots_noodp":false,"robots_notranslate":false,"robots_max_snippet":null,"robots_max_videopreview":null,"robots_max_imagepreview":"large","priority":null,"frequency":null,"local_seo":null,"breadcrumb_settings":null,"limit_modified_date":false,"ai":null,"created":"2026-09-01 03:46:47","updated":"2026-09-01 04:18:17","focus_keyword":null,"additional_keywords":null,"truseo_locale":null,"seo_analyzer_scan_date":null},"aioseo_breadcrumb":"<div class=\"aioseo-breadcrumbs\"><span class=\"aioseo-breadcrumb\">\n\t\t\t<a href=\"https:\/\/www.encontrasantoandre.com.br\/sobre\" title=\"In\u00edcio\">In\u00edcio<\/a>\n\t\t<\/span><span class=\"aioseo-breadcrumb-separator\">&raquo;<\/span><span class=\"aioseo-breadcrumb\">\n\t\t\t<a href=\"https:\/\/www.encontrasantoandre.com.br\/sobre\/noticias-em-santo-andre\/\" title=\"Not\u00edcias Santo Andr\u00e9\">Not\u00edcias Santo Andr\u00e9<\/a>\n\t\t<\/span><span class=\"aioseo-breadcrumb-separator\">&raquo;<\/span><span class=\"aioseo-breadcrumb\">\n\t\t\tSanto Andr\u00e9 em Alerta: O Caos na Perimetral e Anchieta!\n\t\t<\/span><\/div>","aioseo_breadcrumb_json":[{"label":"In\u00edcio","link":"https:\/\/www.encontrasantoandre.com.br\/sobre"},{"label":"Not\u00edcias Santo Andr\u00e9","link":"https:\/\/www.encontrasantoandre.com.br\/sobre\/noticias-em-santo-andre\/"},{"label":"Santo Andr\u00e9 em Alerta: O Caos na Perimetral e Anchieta!","link":"https:\/\/www.encontrasantoandre.com.br\/sobre\/santo-andre-em-alerta-o-caos-na-perimetral-e-anchieta\/"}],"_links":{"self":[{"href":"https:\/\/www.encontrasantoandre.com.br\/sobre\/wp-json\/wp\/v2\/posts\/4543","targetHints":{"allow":["GET"]}}],"collection":[{"href":"https:\/\/www.encontrasantoandre.com.br\/sobre\/wp-json\/wp\/v2\/posts"}],"about":[{"href":"https:\/\/www.encontrasantoandre.com.br\/sobre\/wp-json\/wp\/v2\/types\/post"}],"author":[{"embeddable":true,"href":"https:\/\/www.encontrasantoandre.com.br\/sobre\/wp-json\/wp\/v2\/users\/1"}],"replies":[{"embeddable":true,"href":"https:\/\/www.encontrasantoandre.com.br\/sobre\/wp-json\/wp\/v2\/comments?post=4543"}],"version-history":[{"count":0,"href":"https:\/\/www.encontrasantoandre.com.br\/sobre\/wp-json\/wp\/v2\/posts\/4543\/revisions"}],"wp:featuredmedia":[{"embeddable":true,"href":"https:\/\/www.encontrasantoandre.com.br\/sobre\/wp-json\/wp\/v2\/media\/4542"}],"wp:attachment":[{"href":"https:\/\/www.encontrasantoandre.com.br\/sobre\/wp-json\/wp\/v2\/media?parent=4543"}],"wp:term":[{"taxonomy":"category","embeddable":true,"href":"https:\/\/www.encontrasantoandre.com.br\/sobre\/wp-json\/wp\/v2\/categories?post=4543"},{"taxonomy":"post_tag","embeddable":true,"href":"https:\/\/www.encontrasantoandre.com.br\/sobre\/wp-json\/wp\/v2\/tags?post=4543"}],"curies":[{"name":"wp","href":"https:\/\/api.w.org\/{rel}","templated":true}]}}